{"id":1804,"date":"2025-05-29T10:11:54","date_gmt":"2025-05-29T07:11:54","guid":{"rendered":"https:\/\/addjc.ro\/?p=1804"},"modified":"2025-06-02T10:13:12","modified_gmt":"2025-06-02T07:13:12","slug":"comunicat-de-presa-29-05-2025","status":"publish","type":"post","link":"https:\/\/addjc.ro\/en\/comunicat-de-presa-29-05-2025\/","title":{"rendered":"Comunicat de pres\u0103 &#8211; 29.05.2025"},"content":{"rendered":"<p style=\"text-align: center;\"><strong><img loading=\"lazy\" decoding=\"async\" class=\"alignnone size-medium wp-image-1805\" src=\"https:\/\/addjc.ro\/wp-content\/uploads\/2025\/06\/com_29.05.2025-300x205.jpg\" alt=\"\" width=\"300\" height=\"205\" srcset=\"https:\/\/addjc.ro\/wp-content\/uploads\/2025\/06\/com_29.05.2025-300x205.jpg 300w, https:\/\/addjc.ro\/wp-content\/uploads\/2025\/06\/com_29.05.2025-1024x698.jpg 1024w, https:\/\/addjc.ro\/wp-content\/uploads\/2025\/06\/com_29.05.2025-768x524.jpg 768w, https:\/\/addjc.ro\/wp-content\/uploads\/2025\/06\/com_29.05.2025-18x12.jpg 18w, https:\/\/addjc.ro\/wp-content\/uploads\/2025\/06\/com_29.05.2025.jpg 1430w\" sizes=\"auto, (max-width: 300px) 100vw, 300px\" \/><\/strong><\/p>\n<p style=\"text-align: center;\"><strong>Constan\u021ba, oportunit\u0103\u021bi istorice de dezvoltare:<\/strong><\/p>\n<p style=\"text-align: center;\"><strong>parteneriat interinstitu\u021bional pentru <\/strong><\/p>\n<p style=\"text-align: center;\"><strong>proiecte de anvergur\u0103 regional\u0103<\/strong><\/p>\n<p><strong>\u00a0<\/strong><\/p>\n<ul>\n<li>Poten\u021bial de dezvoltare \u0219i scenarii<\/li>\n<li>Premier\u0103 pentru Constan\u021ba \u0219i regiunea de Sud-Est: protocol pentru dezvoltare, semnat la nivel municipal, jude\u021bean \u0219i metropolitan \u0219i proiecte estimate la 1 miliard de euro<\/li>\n<li>Introducerea \u0219i dezvoltarea serviciilor de Tren Metropolitan Constan\u021ba<\/li>\n<li>Reconversia \u0219i regenerarea integrat\u0103 a zonei urbane Anghel Saligny<\/li>\n<li>Lansarea platformei pentru transparen\u021b\u0103 \u0219i informare <a href=\"http:\/\/www.Credem\u00eenConstan\u021ba.ro\">Credem\u00eenConstan\u021ba.ro<\/a><\/li>\n<\/ul>\n<p><strong>Poten\u021bial de dezvoltare \u0219i scenarii <\/strong><\/p>\n<p>Constan\u021ba are un poten\u021bial economic important, sus\u021binut de pozi\u021bia sa geografic\u0103, infrastructura portuar\u0103 \u0219i turism, \u00eens\u0103 are nevoie de m\u0103suri strategice pentru diversificarea economiei, atragerea de investi\u021bii cu valoare ad\u0103ugat\u0103 ridicat\u0103 \u0219i \u00eembun\u0103t\u0103\u021birea calit\u0103\u021bii vie\u021bii urbane.<\/p>\n<p>Raportul<a href=\"#_ftn1\" name=\"_ftnref1\">[1]<\/a> realizat de o echip\u0103 inter-disciplinar\u0103 format\u0103 din reprezentan\u021bi ai Prim\u0103riei \u0219i Consiliului Jude\u021bean, cu aport tehnic din partea B\u0103ncii Mondiale evalueaz\u0103 impactul dezvolt\u0103rii urbane \u00een patru zone strategice din Constan\u021ba \u0219i zona metropolitan\u0103, folosind o metodologie integrat\u0103<a href=\"#_ftn2\" name=\"_ftnref2\">[2]<\/a> \u0219i patru scenarii de evolu\u021bie: de la simpla renovare (A), la reutilizare adaptabil\u0103 (B), cre\u0219tere organic\u0103 (C) \u0219i dezvoltare accelerat\u0103 (D). Cel mai ambi\u021bios scenariu \u2013 D \u2013 ar transforma zona Anghel Saligny \u00eentr-un hub regional de inova\u021bie \u0219i produc\u021bie, atr\u0103g\u00e2nd peste 90.000 de locuri de munc\u0103 \u0219i capital privat semnificativ, \u00een timp ce scenariile C \u0219i B propun dezvolt\u0103ri sustenabile \u0219i echilibrate, cu efecte economice \u0219i sociale pozitive. Scenariul A, f\u0103r\u0103 investi\u021bii noi, reprezint\u0103 o pierdere de oportunitate pentru ora\u0219. Toate scenariile sunt analizate \u00een conformitate cu standardele Cadrului de Mediu \u0219i Social al B\u0103ncii Mondiale (ESF)<a href=\"#_ftn3\" name=\"_ftnref3\">[3]<\/a>.<\/p>\n<p><strong>Premier\u0103 pentru Constan\u021ba \u0219i regiunea de Sud-Est: protocol pentru dezvoltare, semnat la nivel municipal, jude\u021bean \u0219i metropolitan \u0219i proiecte estimate la 1 miliard de euro<\/strong><\/p>\n<p>\u00cen acest context, Prim\u0103ria Municipiului Constan\u021ba, Consiliul Jude\u021bean Constan\u021ba, Asocia\u0163ia de Dezvoltare Durabil\u0103 a Jude\u0163ului Constan\u0163a \u0219i Asocia\u021bia de Dezvoltare Intercomunitar\u0103 Zona Metropolitan\u0103 Constan\u021ba au semnat un protocol de colaborare interinstitu\u021bional\u0103 pentru preg\u0103tirea \u0219i implementarea a dou\u0103 proiecte strategice, estimate la 1 miliard de euro.<\/p>\n<p>Aceast\u0103 ini\u021biativ\u0103, o premier\u0103 pentru regiunea de Sud-Est, vizeaz\u0103 modernizarea infrastructurii de transport \u0219i revitalizarea urban\u0103 prin:<\/p>\n<ul>\n<li><strong> Introducerea \u0219i dezvoltarea serviciilor de Tren Metropolitan Constan\u021ba<\/strong> \u2013 un proiect regional de mobilitate ce va include interven\u021bii asupra infrastructurii feroviare \u0219i urbane, facilit\u00e2nd conectivitatea \u00eentre localit\u0103\u021bile din jude\u021bul Constan\u021ba. Dezvoltarea infrastructurii de transport poate consolida pozi\u021bia strategic\u0103 a Constan\u021bei \u0219i stimula apari\u021bia unor noi centre economice \u0219i logistice, devenind un motor al revitaliz\u0103rii urbane \u0219i al atragerii de investi\u021bii.<\/li>\n<li><strong> Reconversia \u0219i regenerarea zonei urbane Anghel Saligny<\/strong> &#8211; transformarea a 400 de hectare, inclusiv zone industriale vechi precum fosta platforma Oil Terminal, \u00eentr-un pol de cre\u0219tere modern, integrat urbanistic \u0219i economic, cu func\u021bionalit\u0103\u021bi multiple. Pentru zona Anghel Saligny, au fost analizate \u00een studiul de impact patru scenarii de dezvoltare \u2013 de la \u201ejust renovation\u201d p\u00e2n\u0103 la \u201ecre\u0219tere accelerat\u0103\u201d. \u00cen cel mai ambi\u021bios scenariu, ponderea func\u021biunilor se echilibreaz\u0103 strategic: doar 30% reziden\u021bial, cu o cre\u0219tere semnificativ\u0103 a spa\u021biilor pentru birouri (25%) \u0219i produc\u021bie (10%), \u00eencuraj\u00e2nd dezvoltarea unei economii urbane diversificate \u0219i competitive.<\/li>\n<\/ul>\n<p>Potrivit estim\u0103rilor din analiza de impact, implementarea acestor proiecte ar putea atrage \u0219i mobiliza capital privat semnificativ, amplific\u00e2nd investi\u021biile ini\u021biale prin efecte de multiplicare economic\u0103. Prin activarea \u0219i valorificarea terenurilor subutilizate, Constan\u021ba are poten\u021bialul s\u0103 creeze mii de locuri de munc\u0103 \u0219i s\u0103 genereze venituri suplimentare substan\u021biale pentru bugetul local, contribuind la o dezvoltare durabil\u0103, echitabil\u0103 \u0219i verde.<\/p>\n<p><em>\u201eConstan\u021ba se dezvolt\u0103. \u00cen ultimii patru ani, municipalitatea a angajat investi\u021bii f\u0103r\u0103 precedent pentru modernizarea \u0219i dezvoltarea ora\u0219ului, majoritatea cu finan\u021bare european\u0103. Cele dou\u0103 proiecte majore despre care vorbim acum sunt \u0219i despre infrastructur\u0103 dar, sunt mai ales despre o via\u021b\u0103 mai bun\u0103 pentru oameni, despre economie \u0219i despre o viziune pe termen lung. Importan\u021ba acestor proiecte, prin anvergura \u0219i impactul lor, dep\u0103\u0219e\u0219te interesul local sau jude\u021bean. Regenerarea urban\u0103 a zonei Anghel Saligny \u0219i introducerea serviciului de Tren Metropolitan sunt proiecte de importan\u021b\u0103 na\u021bional\u0103 \u0219i chiar mai mult, dac\u0103 \u021binem cont de actualul context geostrategic. Prin acest parteneriat, demonstr\u0103m c\u0103 dezvoltarea presupune responsabilitate \u0219i eforturi comune \u2013 administra\u021bia local\u0103, jude\u021bean\u0103 \u0219i central\u0103. Invit\u0103m al\u0103turi mediul de afaceri, universit\u0103\u021bi \u0219i societatea civil\u0103 s\u0103 lucr\u0103m \u00eempreun\u0103 pentru un ora\u0219 mai modern, mai conectat \u0219i mai prosper \u00eentr-un un jude\u021b \u0219i o regiune tot mai dezvoltate\u201d<\/em> \u2014 <strong>Vergil Chi\u021bac, Primarul Municipiului Constan\u021ba.<\/strong><\/p>\n<p>&nbsp;<\/p>\n<p>\u00centr-un context economic provocator, <strong>proiectele de regenerare urban\u0103 \u0219i Tren Metropolitan ofer\u0103 o \u0219ans\u0103 unic\u0103 de repozi\u021bionare Constan\u021bei.<\/strong> Portul Constan\u021ba, pozi\u021bionarea strategic\u0103 \u00een re\u021beaua european\u0103 de transport \u0219i dezvoltarea infrastructurii de mobilitate pot transforma ora\u0219ul \u00eentr-un hub logistic, economic \u0219i de inova\u021bie al regiunii.<\/p>\n<p>Protocolul stabile\u015fte un cadru de colaborare \u00eentre autorit\u0103\u0163ile locale \u015fi Ministerul Transporturilor, pun\u00e2nd bazele unui dialog constant pentru implementarea eficient\u0103 a proiectelor.<\/p>\n<p><em>\u201cProgresul cere o abordare integrat\u0103, \u00een care transportul, dezvoltarea urban\u0103 \u0219i economic\u0103 s\u0103 fie conectate. Cele dou\u0103 proiecte pentru care s-a f\u0103cut acest protocol au beneficii pentru toate p\u0103r\u021bile implicate: locuitorii \u0219i turi\u0219tii vor avea acces la o infrastructur\u0103 mai bun\u0103, tot timpul anului, investitorii vor descoperi un mediu mai propice pentru dezvoltare, iar administra\u021biile locale \u0219i centrale au \u0219ansa s\u0103 contribuie la un model de succes. Integrarea transportului feroviar \u00een dezvoltarea urban\u0103 nu este doar o strategie modern\u0103, ci o necesitate, iar acest parteneriat \u00eentre autorit\u0103\u021bile locale, Ministerul Transporturilor \u0219i CFR este cheia succesului.\u201d <\/em>\u2013 <strong>Florin Mitroi, Pre\u0219edintele Consiliului Jude\u021bean Constan\u021ba. <\/strong><\/p>\n<p>Pentru implementarea celor dou\u0103 proiecte, a fost constituit un Grup de Lucru interinstitu\u021bional, format din reprezentan\u021bi ai Prim\u0103riei Municipiului Constan\u021ba, ai Consiliului Jude\u021bean Constan\u021ba, ai Asocia\u021biei de Dezvoltare Intercomunitar\u0103 Zona Metropolitan\u0103 Constan\u021ba \u0219i ai Asocia\u021biei de Dezvoltare Durabil\u0103 a Jude\u021bului Constan\u021ba, al c\u0103rei rol este de a asigura coordonarea \u00een cadrul echipei de implementare, respectiv coordonarea activit\u0103\u021bilor privind identificarea de surse de finan\u021bare \u0219i contractarea acestora, precum \u0219i a activit\u0103\u021bilor tehnice cu partenerii institu\u021bionali externi.<\/p>\n<p><em>\u201eAmbele proiecte fac parte din Strategia Integrat\u0103 de Dezvoltare Urban\u0103 a Polului Na\u021bional de Cre\u0219tere Constan\u021ba. Rolul Asocia\u021biei de Dezvoltare Intercomunitar\u0103 Zona Metropolitan\u0103 Constan\u021ba \u00een acest protocol este s\u0103 asigure monitorizarea \u0219i corelarea strategic\u0103 a preg\u0103tirii \u0219i implement\u0103rii interven\u021biilor. Sunt proiecte complexe, coordonarea este esen\u021bial\u0103. Concret, avem provocarea de a armoniza preg\u0103tirea \u0219i realizarea unor investi\u021bii implementate de entit\u0103\u021bi diferite (Prim\u0103rie, CFR, investi\u021bii private etc.), finan\u021bate din diverse surse (bugetul local, bugetul de stat, fonduri europene, b\u0103nci), pe baza unor bugete multi-anuale. O bun\u0103 parte din activit\u0103\u021bi \u0219i opera\u021biuni se pot finan\u021ba din fonduri europene, iar noi vom ajuta la identificarea \u0219i accesarea lor.\u201d<\/em> \u2014 <strong>Adrian Cr\u0103ciun, Coordonator, Asocia\u021bia de Dezvoltare Intercomunitar\u0103 Zona Metropolitan\u0103 Constan\u021ba.<\/strong><\/p>\n<p><em>\u201cPentru ca aceste proiecte s\u0103 fie implementate eficient, e nevoie de o coordonare clar\u0103, de la sursele de finan\u021bare p\u00e2n\u0103 la detaliile tehnice. Rolul nostru, la Asocia\u021bia de Dezvoltare Durabil\u0103 a Jude\u021bului Constan\u021ba, este s\u0103 sprijinim acest proces cu expertiz\u0103 \u0219i cu o perspectiv\u0103 integrat\u0103 asupra dezvolt\u0103rii durabile a regiunii.\u201d &#8211; <\/em><strong>Stelian Bude\u0219, Pre\u0219edinte<em>, <\/em>Asocia\u021bia de Dezvoltare Durabil\u0103 a Jude\u021bului Constan\u021ba.<\/strong><\/p>\n<p>Pentru a asigura cadrul institu\u021bional adecvat preg\u0103tirii \u0219i implement\u0103rii proiectelor, membrii parteneriatelor, prin speciali\u015ftii din grupul de lucru, vor face pa\u015fii necesari realiz\u0103rii unei asocieri inter-jurisdic\u021bionale, prin invitarea \u0219i implicarea \u00een acest demers a Ministerului Transporturilor \u0219i Infrastructurii \u0219i a Companiei Na\u021bionale de C\u0103i Ferate \u201cCFR.\u201d S.A., conform dispozi\u021biilor legale incidente.<\/p>\n<p><strong>Aceste investi\u021bii vin \u00een completarea altor proiecte<\/strong> derulate de Ministerul Transporturilor \u0219i Infrastructurii, Compania Na\u021bional\u0103 de C\u0103i Ferate \u201dCFR\u201d S.A. \u0219i Compania Na\u021bional\u0103 Administra\u021bia Porturilor Maritime S.A. Constan\u021ba<strong> \u0219i sunt integrate \u00een strategiile de dezvoltare pe termen lung<\/strong>, precum Strategia de Dezvoltare Durabil\u0103 a jude\u021bului Constan\u021ba 2021 \u2013 2027, Strategia Integrat\u0103 de Dezvoltare Urban\u0103 a Polului Na\u021bional de Cre\u0219tere \u2013 Zona Metropolitan\u0103 Constan\u021ba 2023 \u2013 2030, Planul de Mobilitate Urban\u0103 Durabil\u0103 pentru Polul de Cre\u0219tere Constan\u021ba.<\/p>\n<p><strong>1 miliard de euro este bugetul estimat pentru aceste proiecte, conform evalu\u0103rilor preliminare.<\/strong> Finan\u021barea va fi asigurat\u0103 dintr-un mix de surse, incluz\u00e2nd fonduri europene nerambursabile (PT 2021-2027, Programul Regional Sud-Est 2021-2027, succesoarele acestora), bugetul de stat (inclusiv Programul Anghel Saligny), finan\u021b\u0103ri rambursabile de la institu\u021bii financiare interna\u021bionale (Banca European\u0103 de Investi\u021bii, Banca European\u0103 de Reconstruc\u021bie \u0219i Dezvoltare, Banca Mondial\u0103), precum \u0219i parteneriate public-private. <strong>Protocolul de colaborare semnat \u00eentre autorit\u0103\u021bile locale \u0219i institu\u021biile centrale joac\u0103 un rol important \u00een atragerea \u0219i gestionarea acestor finan\u021b\u0103ri<\/strong>, asigur\u00e2nd o coordonare eficient\u0103 \u0219i o implementare integrat\u0103 a investi\u021biilor.<\/p>\n<p><strong>Implementarea celor dou\u0103 proiecte majore \u2013 Trenul Metropolitan Constan\u021ba \u0219i regenerarea urban\u0103 a zonei Anghel Saligny \u2013 va fi realizat\u0103 etapizat<\/strong>. Conform calendarului estimativ, prima faz\u0103, T1 2025 \u2013 T1 2026, este dedicat\u0103 elabor\u0103rii documenta\u021biilor de urbanism \u0219i studiilor de fundamentare a interven\u021biilor. Urm\u0103torul pas, \u00eentre T1 2026 \u2013 T2 2026, const\u0103 \u00een aprobarea acestor documenta\u021bii conform procedurilor \u0219i legisla\u021biei \u00een vigoare. Etapa de elaborare a studiilor de fezabilitate \u0219i documenta\u021biilor de avizare a lucr\u0103rilor de interven\u021bie se va desf\u0103\u0219ura \u00eentre T2 2026 \u2013 T2 2027, iar \u00eentre T2 2027 \u2013 T4 2027 vor fi avizate \u0219i aprobate solu\u021biile tehnice rezultate din aceste studii. \u00cen T1 2028 \u2013 T3 2028, se vor contracta lucr\u0103rile de modernizare \u0219i dezvoltare a infrastructurii, iar perioada T4 2028 \u2013 T2 2034 va fi dedicat\u0103 realiz\u0103rii investi\u021biilor \u0219i finaliz\u0103rii lucr\u0103rilor.<\/p>\n<p>&nbsp;<\/p>\n<p><strong>Platforma CredemInConstanta.ro va furniza date actualizate despre cele dou\u0103 proiecte<\/strong> majore \u2013 Trenul Metropolitan Constan\u021ba \u0219i regenerarea urban\u0103 a zonei Anghel Saligny &#8211; \u0219i va fi surs\u0103 de informare pentru cet\u0103\u021beni, parteneri institu\u021bionali \u0219i investitori. Pe l\u00e2ng\u0103 detalii despre proiecte, etape de implementare sau beneficii pentru cet\u0103\u021beni, platforma va avea \u0219i o sec\u021biune de \u00centreb\u0103ri \u0219i r\u0103spunsuri.<\/p>\n<p>___________________________________________________________________________________<\/p>\n<h6>1* Sursa: <strong>Estimarea impactului economic, social \u0219i de mediu<\/strong> <strong>al dezvolt\u0103rii zonei<\/strong> <strong>Anghel Saligny<\/strong><\/h6>\n<h6>\u00een contextul impactului economic, de mediu \u0219i social al dezvolt\u0103rii urbane \u00een Zona Metropolitan\u0103 Constan\u021ba, mai 2025, elaborat de o echip\u0103 interdisciplinar\u0103 format\u0103 din reprezentan\u021bi ai Prim\u0103riei \u0219i Consiliului Jude\u021bean, cu aport tehnic din partea B\u0103ncii Mondiale.<\/h6>\n<h6>2* Prin utilizarea unei<strong> metodologii adaptate contextului local \u0219i inspirate din bune practici interna\u021bionale,<\/strong> raportul ofer\u0103 o baz\u0103 solid\u0103 pentru definirea direc\u021biilor de dezvoltare viitoare ale ora\u0219ului \u0219i contribuie la procesul de luare a deciziilor \u00een materie de investi\u021bii publice \u0219i planificare urban\u0103. \u00cen plus, prin integrarea standardelor de mediu \u0219i sociale ale B\u0103ncii Mondiale, se asigur\u0103 o abordare coerent\u0103, responsabil\u0103 \u0219i sustenabil\u0103 a regener\u0103rii teritoriale.<\/h6>\n<h6>3* Idem 1<\/h6>\n","protected":false},"excerpt":{"rendered":"<p>Constan\u021ba, oportunit\u0103\u021bi istorice de dezvoltare: parteneriat interinstitu\u021bional pentru proiecte de anvergur\u0103 regional\u0103 \u00a0 Poten\u021bial de dezvoltare \u0219i scenarii Premier\u0103 pentru Constan\u021ba \u0219i regiunea de Sud-Est: protocol pentru dezvoltare, semnat la nivel municipal, jude\u021bean \u0219i metropolitan \u0219i proiecte estimate la 1 miliard de euro Introducerea \u0219i dezvoltarea serviciilor de Tren Metropolitan Constan\u021ba Reconversia \u0219i regenerarea integrat\u0103&hellip;<\/p>","protected":false},"author":1,"featured_media":0,"comment_status":"closed","ping_status":"closed","sticky":false,"template":"","format":"standard","meta":{"footnotes":""},"categories":[10],"tags":[],"class_list":["post-1804","post","type-post","status-publish","format-standard","hentry","category-comunicate-de-presa","category-10","description-off"],"yoast_head":"<!-- This site is optimized with the Yoast SEO plugin v27.5 - https:\/\/yoast.com\/product\/yoast-seo-wordpress\/ -->\n<title>Comunicat de pres\u0103 - 29.05.2025 - Asociatia de Dezvoltare Durabila a Judetului Constanta<\/title>\n<meta name=\"robots\" content=\"index, follow, max-snippet:-1, max-image-preview:large, max-video-preview:-1\" \/>\n<link rel=\"canonical\" href=\"https:\/\/addjc.ro\/en\/comunicat-de-presa-29-05-2025\/\" \/>\n<meta property=\"og:locale\" content=\"en_US\" \/>\n<meta property=\"og:type\" content=\"article\" \/>\n<meta property=\"og:title\" content=\"Comunicat de pres\u0103 - 29.05.2025 - Asociatia de Dezvoltare Durabila a Judetului Constanta\" \/>\n<meta property=\"og:description\" content=\"Constan\u021ba, oportunit\u0103\u021bi istorice de dezvoltare: parteneriat interinstitu\u021bional pentru proiecte de anvergur\u0103 regional\u0103 \u00a0 Poten\u021bial de dezvoltare \u0219i scenarii Premier\u0103 pentru Constan\u021ba \u0219i regiunea de Sud-Est: protocol pentru dezvoltare, semnat la nivel municipal, jude\u021bean \u0219i metropolitan \u0219i proiecte estimate la 1 miliard de euro Introducerea \u0219i dezvoltarea serviciilor de Tren Metropolitan Constan\u021ba Reconversia \u0219i regenerarea integrat\u0103&hellip;\" \/>\n<meta property=\"og:url\" content=\"https:\/\/addjc.ro\/en\/comunicat-de-presa-29-05-2025\/\" \/>\n<meta property=\"og:site_name\" content=\"Asociatia de Dezvoltare Durabila a Judetului Constanta\" \/>\n<meta property=\"article:published_time\" content=\"2025-05-29T07:11:54+00:00\" \/>\n<meta property=\"article:modified_time\" content=\"2025-06-02T07:13:12+00:00\" \/>\n<meta property=\"og:image\" content=\"https:\/\/addjc.ro\/wp-content\/uploads\/2025\/06\/com_29.05.2025.jpg\" \/>\n\t<meta property=\"og:image:width\" content=\"1430\" \/>\n\t<meta property=\"og:image:height\" content=\"975\" \/>\n\t<meta property=\"og:image:type\" content=\"image\/jpeg\" \/>\n<meta name=\"author\" content=\"admin\" \/>\n<meta name=\"twitter:card\" content=\"summary_large_image\" \/>\n<meta name=\"twitter:label1\" content=\"Written by\" \/>\n\t<meta name=\"twitter:data1\" content=\"admin\" \/>\n\t<meta name=\"twitter:label2\" content=\"Est. reading time\" \/>\n\t<meta name=\"twitter:data2\" content=\"10 minutes\" \/>\n<script type=\"application\/ld+json\" class=\"yoast-schema-graph\">{\"@context\":\"https:\\\/\\\/schema.org\",\"@graph\":[{\"@type\":\"Article\",\"@id\":\"https:\\\/\\\/addjc.ro\\\/comunicat-de-presa-29-05-2025\\\/#article\",\"isPartOf\":{\"@id\":\"https:\\\/\\\/addjc.ro\\\/comunicat-de-presa-29-05-2025\\\/\"},\"author\":{\"name\":\"admin\",\"@id\":\"https:\\\/\\\/addjc.ro\\\/#\\\/schema\\\/person\\\/bac0dabcdbb5a7236e2fedb8d6177c8e\"},\"headline\":\"Comunicat de pres\u0103 &#8211; 29.05.2025\",\"datePublished\":\"2025-05-29T07:11:54+00:00\",\"dateModified\":\"2025-06-02T07:13:12+00:00\",\"mainEntityOfPage\":{\"@id\":\"https:\\\/\\\/addjc.ro\\\/comunicat-de-presa-29-05-2025\\\/\"},\"wordCount\":1842,\"image\":{\"@id\":\"https:\\\/\\\/addjc.ro\\\/comunicat-de-presa-29-05-2025\\\/#primaryimage\"},\"thumbnailUrl\":\"https:\\\/\\\/addjc.ro\\\/wp-content\\\/uploads\\\/2025\\\/06\\\/com_29.05.2025-300x205.jpg\",\"articleSection\":[\"Comunicate de pres\u0103\"],\"inLanguage\":\"en-US\"},{\"@type\":\"WebPage\",\"@id\":\"https:\\\/\\\/addjc.ro\\\/comunicat-de-presa-29-05-2025\\\/\",\"url\":\"https:\\\/\\\/addjc.ro\\\/comunicat-de-presa-29-05-2025\\\/\",\"name\":\"Comunicat de pres\u0103 - 29.05.2025 - Asociatia de Dezvoltare Durabila a Judetului Constanta\",\"isPartOf\":{\"@id\":\"https:\\\/\\\/addjc.ro\\\/#website\"},\"primaryImageOfPage\":{\"@id\":\"https:\\\/\\\/addjc.ro\\\/comunicat-de-presa-29-05-2025\\\/#primaryimage\"},\"image\":{\"@id\":\"https:\\\/\\\/addjc.ro\\\/comunicat-de-presa-29-05-2025\\\/#primaryimage\"},\"thumbnailUrl\":\"https:\\\/\\\/addjc.ro\\\/wp-content\\\/uploads\\\/2025\\\/06\\\/com_29.05.2025-300x205.jpg\",\"datePublished\":\"2025-05-29T07:11:54+00:00\",\"dateModified\":\"2025-06-02T07:13:12+00:00\",\"author\":{\"@id\":\"https:\\\/\\\/addjc.ro\\\/#\\\/schema\\\/person\\\/bac0dabcdbb5a7236e2fedb8d6177c8e\"},\"breadcrumb\":{\"@id\":\"https:\\\/\\\/addjc.ro\\\/comunicat-de-presa-29-05-2025\\\/#breadcrumb\"},\"inLanguage\":\"en-US\",\"potentialAction\":[{\"@type\":\"ReadAction\",\"target\":[\"https:\\\/\\\/addjc.ro\\\/comunicat-de-presa-29-05-2025\\\/\"]}]},{\"@type\":\"ImageObject\",\"inLanguage\":\"en-US\",\"@id\":\"https:\\\/\\\/addjc.ro\\\/comunicat-de-presa-29-05-2025\\\/#primaryimage\",\"url\":\"https:\\\/\\\/addjc.ro\\\/wp-content\\\/uploads\\\/2025\\\/06\\\/com_29.05.2025-300x205.jpg\",\"contentUrl\":\"https:\\\/\\\/addjc.ro\\\/wp-content\\\/uploads\\\/2025\\\/06\\\/com_29.05.2025-300x205.jpg\"},{\"@type\":\"BreadcrumbList\",\"@id\":\"https:\\\/\\\/addjc.ro\\\/comunicat-de-presa-29-05-2025\\\/#breadcrumb\",\"itemListElement\":[{\"@type\":\"ListItem\",\"position\":1,\"name\":\"Prima pagin\u0103\",\"item\":\"https:\\\/\\\/addjc.ro\\\/\"},{\"@type\":\"ListItem\",\"position\":2,\"name\":\"Comunicat de pres\u0103 &#8211; 29.05.2025\"}]},{\"@type\":\"WebSite\",\"@id\":\"https:\\\/\\\/addjc.ro\\\/#website\",\"url\":\"https:\\\/\\\/addjc.ro\\\/\",\"name\":\"Asociatia de Dezvoltare Durabila a Judetului Constanta\",\"description\":\"Cel mai ambitios plan de dezvoltare\",\"potentialAction\":[{\"@type\":\"SearchAction\",\"target\":{\"@type\":\"EntryPoint\",\"urlTemplate\":\"https:\\\/\\\/addjc.ro\\\/?s={search_term_string}\"},\"query-input\":{\"@type\":\"PropertyValueSpecification\",\"valueRequired\":true,\"valueName\":\"search_term_string\"}}],\"inLanguage\":\"en-US\"},{\"@type\":\"Person\",\"@id\":\"https:\\\/\\\/addjc.ro\\\/#\\\/schema\\\/person\\\/bac0dabcdbb5a7236e2fedb8d6177c8e\",\"name\":\"admin\",\"image\":{\"@type\":\"ImageObject\",\"inLanguage\":\"en-US\",\"@id\":\"https:\\\/\\\/secure.gravatar.com\\\/avatar\\\/1fc2d49dbbacbcde97f15155eb1236d7a65bc3f6dbff5a3f0e66c9829aee9dce?s=96&d=mm&r=g\",\"url\":\"https:\\\/\\\/secure.gravatar.com\\\/avatar\\\/1fc2d49dbbacbcde97f15155eb1236d7a65bc3f6dbff5a3f0e66c9829aee9dce?s=96&d=mm&r=g\",\"contentUrl\":\"https:\\\/\\\/secure.gravatar.com\\\/avatar\\\/1fc2d49dbbacbcde97f15155eb1236d7a65bc3f6dbff5a3f0e66c9829aee9dce?s=96&d=mm&r=g\",\"caption\":\"admin\"},\"sameAs\":[\"https:\\\/\\\/addjc.ro\"],\"url\":\"https:\\\/\\\/addjc.ro\\\/en\\\/author\\\/dennex_admin\\\/\"}]}<\/script>\n<!-- \/ Yoast SEO plugin. -->","yoast_head_json":{"title":"Comunicat de pres\u0103 - 29.05.2025 - Asociatia de Dezvoltare Durabila a Judetului Constanta","robots":{"index":"index","follow":"follow","max-snippet":"max-snippet:-1","max-image-preview":"max-image-preview:large","max-video-preview":"max-video-preview:-1"},"canonical":"https:\/\/addjc.ro\/en\/comunicat-de-presa-29-05-2025\/","og_locale":"en_US","og_type":"article","og_title":"Comunicat de pres\u0103 - 29.05.2025 - Asociatia de Dezvoltare Durabila a Judetului Constanta","og_description":"Constan\u021ba, oportunit\u0103\u021bi istorice de dezvoltare: parteneriat interinstitu\u021bional pentru proiecte de anvergur\u0103 regional\u0103 \u00a0 Poten\u021bial de dezvoltare \u0219i scenarii Premier\u0103 pentru Constan\u021ba \u0219i regiunea de Sud-Est: protocol pentru dezvoltare, semnat la nivel municipal, jude\u021bean \u0219i metropolitan \u0219i proiecte estimate la 1 miliard de euro Introducerea \u0219i dezvoltarea serviciilor de Tren Metropolitan Constan\u021ba Reconversia \u0219i regenerarea integrat\u0103&hellip;","og_url":"https:\/\/addjc.ro\/en\/comunicat-de-presa-29-05-2025\/","og_site_name":"Asociatia de Dezvoltare Durabila a Judetului Constanta","article_published_time":"2025-05-29T07:11:54+00:00","article_modified_time":"2025-06-02T07:13:12+00:00","og_image":[{"width":1430,"height":975,"url":"https:\/\/addjc.ro\/wp-content\/uploads\/2025\/06\/com_29.05.2025.jpg","type":"image\/jpeg"}],"author":"admin","twitter_card":"summary_large_image","twitter_misc":{"Written by":"admin","Est. reading time":"10 minutes"},"schema":{"@context":"https:\/\/schema.org","@graph":[{"@type":"Article","@id":"https:\/\/addjc.ro\/comunicat-de-presa-29-05-2025\/#article","isPartOf":{"@id":"https:\/\/addjc.ro\/comunicat-de-presa-29-05-2025\/"},"author":{"name":"admin","@id":"https:\/\/addjc.ro\/#\/schema\/person\/bac0dabcdbb5a7236e2fedb8d6177c8e"},"headline":"Comunicat de pres\u0103 &#8211; 29.05.2025","datePublished":"2025-05-29T07:11:54+00:00","dateModified":"2025-06-02T07:13:12+00:00","mainEntityOfPage":{"@id":"https:\/\/addjc.ro\/comunicat-de-presa-29-05-2025\/"},"wordCount":1842,"image":{"@id":"https:\/\/addjc.ro\/comunicat-de-presa-29-05-2025\/#primaryimage"},"thumbnailUrl":"https:\/\/addjc.ro\/wp-content\/uploads\/2025\/06\/com_29.05.2025-300x205.jpg","articleSection":["Comunicate de pres\u0103"],"inLanguage":"en-US"},{"@type":"WebPage","@id":"https:\/\/addjc.ro\/comunicat-de-presa-29-05-2025\/","url":"https:\/\/addjc.ro\/comunicat-de-presa-29-05-2025\/","name":"Comunicat de pres\u0103 - 29.05.2025 - Asociatia de Dezvoltare Durabila a Judetului Constanta","isPartOf":{"@id":"https:\/\/addjc.ro\/#website"},"primaryImageOfPage":{"@id":"https:\/\/addjc.ro\/comunicat-de-presa-29-05-2025\/#primaryimage"},"image":{"@id":"https:\/\/addjc.ro\/comunicat-de-presa-29-05-2025\/#primaryimage"},"thumbnailUrl":"https:\/\/addjc.ro\/wp-content\/uploads\/2025\/06\/com_29.05.2025-300x205.jpg","datePublished":"2025-05-29T07:11:54+00:00","dateModified":"2025-06-02T07:13:12+00:00","author":{"@id":"https:\/\/addjc.ro\/#\/schema\/person\/bac0dabcdbb5a7236e2fedb8d6177c8e"},"breadcrumb":{"@id":"https:\/\/addjc.ro\/comunicat-de-presa-29-05-2025\/#breadcrumb"},"inLanguage":"en-US","potentialAction":[{"@type":"ReadAction","target":["https:\/\/addjc.ro\/comunicat-de-presa-29-05-2025\/"]}]},{"@type":"ImageObject","inLanguage":"en-US","@id":"https:\/\/addjc.ro\/comunicat-de-presa-29-05-2025\/#primaryimage","url":"https:\/\/addjc.ro\/wp-content\/uploads\/2025\/06\/com_29.05.2025-300x205.jpg","contentUrl":"https:\/\/addjc.ro\/wp-content\/uploads\/2025\/06\/com_29.05.2025-300x205.jpg"},{"@type":"BreadcrumbList","@id":"https:\/\/addjc.ro\/comunicat-de-presa-29-05-2025\/#breadcrumb","itemListElement":[{"@type":"ListItem","position":1,"name":"Prima pagin\u0103","item":"https:\/\/addjc.ro\/"},{"@type":"ListItem","position":2,"name":"Comunicat de pres\u0103 &#8211; 29.05.2025"}]},{"@type":"WebSite","@id":"https:\/\/addjc.ro\/#website","url":"https:\/\/addjc.ro\/","name":"Constanta County Sustainable Development Association","description":"The most ambitious development plan","potentialAction":[{"@type":"SearchAction","target":{"@type":"EntryPoint","urlTemplate":"https:\/\/addjc.ro\/?s={search_term_string}"},"query-input":{"@type":"PropertyValueSpecification","valueRequired":true,"valueName":"search_term_string"}}],"inLanguage":"en-US"},{"@type":"Person","@id":"https:\/\/addjc.ro\/#\/schema\/person\/bac0dabcdbb5a7236e2fedb8d6177c8e","name":"admin","image":{"@type":"ImageObject","inLanguage":"en-US","@id":"https:\/\/secure.gravatar.com\/avatar\/1fc2d49dbbacbcde97f15155eb1236d7a65bc3f6dbff5a3f0e66c9829aee9dce?s=96&d=mm&r=g","url":"https:\/\/secure.gravatar.com\/avatar\/1fc2d49dbbacbcde97f15155eb1236d7a65bc3f6dbff5a3f0e66c9829aee9dce?s=96&d=mm&r=g","contentUrl":"https:\/\/secure.gravatar.com\/avatar\/1fc2d49dbbacbcde97f15155eb1236d7a65bc3f6dbff5a3f0e66c9829aee9dce?s=96&d=mm&r=g","caption":"admin"},"sameAs":["https:\/\/addjc.ro"],"url":"https:\/\/addjc.ro\/en\/author\/dennex_admin\/"}]}},"_links":{"self":[{"href":"https:\/\/addjc.ro\/en\/wp-json\/wp\/v2\/posts\/1804","targetHints":{"allow":["GET"]}}],"collection":[{"href":"https:\/\/addjc.ro\/en\/wp-json\/wp\/v2\/posts"}],"about":[{"href":"https:\/\/addjc.ro\/en\/wp-json\/wp\/v2\/types\/post"}],"author":[{"embeddable":true,"href":"https:\/\/addjc.ro\/en\/wp-json\/wp\/v2\/users\/1"}],"replies":[{"embeddable":true,"href":"https:\/\/addjc.ro\/en\/wp-json\/wp\/v2\/comments?post=1804"}],"version-history":[{"count":2,"href":"https:\/\/addjc.ro\/en\/wp-json\/wp\/v2\/posts\/1804\/revisions"}],"predecessor-version":[{"id":1807,"href":"https:\/\/addjc.ro\/en\/wp-json\/wp\/v2\/posts\/1804\/revisions\/1807"}],"wp:attachment":[{"href":"https:\/\/addjc.ro\/en\/wp-json\/wp\/v2\/media?parent=1804"}],"wp:term":[{"taxonomy":"category","embeddable":true,"href":"https:\/\/addjc.ro\/en\/wp-json\/wp\/v2\/categories?post=1804"},{"taxonomy":"post_tag","embeddable":true,"href":"https:\/\/addjc.ro\/en\/wp-json\/wp\/v2\/tags?post=1804"}],"curies":[{"name":"wp","href":"https:\/\/api.w.org\/{rel}","templated":true}]}}