{"id":1694,"date":"2023-06-19T15:35:58","date_gmt":"2023-06-19T12:35:58","guid":{"rendered":"https:\/\/addjc.ro\/?p=1694"},"modified":"2023-06-19T15:35:58","modified_gmt":"2023-06-19T12:35:58","slug":"international-public-forum-nato-si-provocarile-pentru-2023-2024","status":"publish","type":"post","link":"https:\/\/addjc.ro\/en\/international-public-forum-nato-si-provocarile-pentru-2023-2024\/","title":{"rendered":"International Public Forum. NATO \u0219i provoc\u01cerile pentru 2023 \u2013 2024"},"content":{"rendered":"<div class=\"vc_row wpb_row vc_row-fluid\"><div class=\"wpb_column vc_column_container vc_col-sm-12\"><div class=\"vc_column-inner\"><div class=\"wpb_wrapper\">\n\t<div class=\"wpb_text_column wpb_content_element\" >\n\t\t<div class=\"wpb_wrapper\">\n\t\t\t<p style=\"text-align: center;\"><strong>\u00a0<\/strong><strong>\u0218eful Statului Major al For\u021belor Navale Rom\u00e2ne \u0219i Ata\u0219atul naval al SUA \u00een Rom\u00e2nia, la \u201eInternational Public Forum. NATO \u0219i provoc\u01cerile pentru 2023 \u2013 2024\u201d, eveniment organizat de ADDJC<\/strong><\/p>\n<p>&nbsp;<\/p>\n<p><strong>\u00a0<\/strong><\/p>\n<p><strong>Asocia\u021bia de Dezvoltare Durabil\u0103 a Jude\u021bului Constan\u021ba (ADDJC), av\u00e2nd drept partener For\u021bele Navale Rom\u00e2ne, a organizat joi, 15 iunie 2023, \u201eInternational Public Forum. NATO \u0219i provoc\u01cerile pentru 2023 &#8211; 2024: Securitatea bazinului M\u01cerii Negre. C\u00e2t de sigur\u01ce mai este lumea?\u201d. <\/strong><\/p>\n<p>&nbsp;<\/p>\n<p>La eveniment, care a avut loc la Constan\u021ba \u0219i care a st\u00e2rnit un interes public major, au luat parte \u00eenal\u021bi reprezentan\u021bi ai Ministerului Ap\u0103r\u0103rii, ai Ministerului de Interne, ai Ambasadei Statelor Unite ale Americii, ai US Navy, autorit\u0103\u021bi centrale \u0219i locale, precum \u0219i exper\u021bi \u00een jurnalism \u0219i comunicare, istorici \u0219i anali\u0219ti militari.<\/p>\n<p>&nbsp;<\/p>\n<p>\u00cen deschiderea <strong>International Public Forum<\/strong> au luat cuv\u00e2ntul: Viceamiral <strong>Mihai PANAIT<\/strong> \u2013 \u0218eful Statului Major al For\u021belor Navale Rom\u00e2ne, General maior <strong>Constantin-Adrian CIOLPONEA<\/strong>, consilier al Ministrului Ap\u0103r\u0103rii Na\u021bionale, Contraamiral de flotil\u0103(r.) <strong>Vergil <\/strong><strong>CHI\u021aAC<\/strong> \u2013 fost Rector al Academiei Navale \u201eMircea cel B\u0103tr\u00e2n\u201d, C\u0103pitan Comandor <strong>Daniel ARANDA<\/strong> \u2013 Ata\u0219atul naval al SUA \u00een Rom\u00e2nia, <strong>Ana-Maria V\u0102T\u0102MANU<\/strong> \u2013 Pre\u0219edintele Asocia\u021biei de Dezvoltare Durabil\u0103 a Jude\u021bului Constan\u021ba.<\/p>\n<p>&nbsp;<\/p>\n<p><strong>International Public Forum<\/strong> a fost structurat pe trei paneluri, care au atins teme actuale \u0219i importante, \u00een contextul r\u0103zboiului din Ucraina, \u0219i care au pus accent pe colaborarea militar\u0103 a partenerilor NATO, cum se poate ajunge la pace, Summitul NATO de la Vilnius din luna iulie, importan\u021ba cooper\u0103rii \u00eentre autorit\u0103\u021bi \u0219i societatea civil\u0103, asigurarea libert\u0103\u021bii presei \u0219i r\u0103zboiul digital.<\/p>\n<p>&nbsp;<\/p>\n<p><strong>Participan\u021bii la cele trei paneluri au fost: <\/strong><\/p>\n<p>&nbsp;<\/p>\n<p><strong>PANEL 1<\/strong>: <strong>Provoc\u0103rile NATO \u00een 2023-2024. Securitatea la Marea Neagr\u0103<\/strong><\/p>\n<ul>\n<li><strong>Cosmin POPA <\/strong><strong>\u2013 <\/strong>Cercet\u0103tor \u0219tiin\u021bific al Institutului de Istorie \u201eNicolae Iorga\u201d al Academiei Rom\u00e2ne.<\/li>\n<li>Comisar \u0219ef de poli\u021bie <strong>Alexandru OAE<\/strong> &#8211; Director adjunct al G\u0103rzii de Coast\u0103 Constan\u021ba<\/li>\n<li>General maior <strong>Constantin-Adrian CIOLPONEA<\/strong>, consilier al Ministrului Ap\u0103r\u0103rii Na\u021bionale<\/li>\n<li><strong>Dorin POPESCU<\/strong>, pre\u0219edintele Asocia\u021biei \u201eCasa M\u0103rii Negre\u201d<\/li>\n<\/ul>\n<p>&nbsp;<\/p>\n<p>&nbsp;<\/p>\n<p><strong>PANEL 2: R\u0103zboiul digital. Disruption \u00een mass-media \u0219i cum combatem fake news-ul<\/strong><\/p>\n<ul>\n<li><strong>Vasile B\u0102NESCU<\/strong> <strong>\u2013 <\/strong>consilier patriarhal \u0219i purt\u0103tor de cuv\u00e2nt al Bisericii Ortodoxe Rom\u00e2ne<\/li>\n<li><strong>Bogdan OPREA<\/strong> \u2013 lector universitar doctor la Facultatea de Jurnalism \u0219i \u0218tiin\u021bele Comunic\u0103rii din cadrul Universit\u0103\u021bii Bucure\u0219ti<\/li>\n<li><strong>Andrei DUMITRA\u0218CU \u2013 <\/strong>expert \u00een strategii disruptive, fondator al companiei Get Disruptive<\/li>\n<li><strong>Ramona URSU<\/strong> \u2013 Jurnalist\u0103, fondatoare a publica\u021biei SunMedia<\/li>\n<li><strong>Carmen DUMITRESCU<\/strong> \u2013 Jurnalist\u0103, fondatoare a publica\u021biei Investigatoria<\/li>\n<\/ul>\n<p>&nbsp;<\/p>\n<p><strong>\u00a0<\/strong><\/p>\n<p><strong>PANEL 3: Ucraina &amp; NATO. Cum mergem mai departe<\/strong><\/p>\n<ul>\n<li><strong>Iulia JOJA<\/strong> &#8211; analist militar, profesor de Securitate European\u0103 \u015fi Studii Europene la Universitatea George Washington \u0219i la Universitatea Georgetown<\/li>\n<li>Comandor <strong>Marian CIOBOTARU <\/strong>\u2013 Comandant Brigada 243 Radioelectronic\u0103 \u015fi Observare \u201eCALLATIS\u201d<\/li>\n<li>Comandor <strong>Ciprian MANDACHI &#8211; <\/strong>Comandant Flotila 56 Fregate<\/li>\n<li>Contraamiral cu dou\u0103 stele (r.) <strong>Daniel C\u0102P\u0102\u021a\u00ceN\u0102<\/strong><\/li>\n<\/ul>\n<p>&nbsp;<\/p>\n<p>&nbsp;<\/p>\n<p><strong>Viceamiral Mihai PANAIT, \u0218eful Statului Major al For\u021belor Navale Rom\u00e2ne,<\/strong> <strong>a transmis audien\u021bei:<\/strong><\/p>\n<p>&nbsp;<\/p>\n<p><em>\u201eInternational Public Forum este o ini\u021biativ\u0103 care are poten\u021bialul de a se transforma \u00eentr-un forum periodic, acest eveniment reprezent\u00e2nd o oportunitate unic\u0103 de a ne \u00eent\u00e2lni, de a construi rela\u021bii \u00een comunitatea de interese \u0219i de a discuta despre cooperarea \u0219i coordonarea \u00een domeniul securit\u0103\u021bii maritime, pe plan regional, cu reprezentan\u021bi \u0219i delega\u021bi ai principalelor institu\u021bii din \u021bara noastr\u0103, din mediul academic \u0219i din cadrul statelor partenere \u0219i aliate. <\/em><\/p>\n<p><em>Participarea dumneavoastr\u0103 la acest eveniment aduce un plus de valoare inestimabil activit\u0103\u021bii \u0219i transmite un mesaj clar cu privire la importan\u021ba deosebit\u0103 pe care o acord\u0103 Rom\u00e2nia situa\u021biei de securitate din regiunea M\u0103rii Negre. Forumul va consolida leg\u0103turile existente \u0219i va contribui la dezvoltarea cooper\u0103rii interinstitu\u021bionale \u0219i interna\u021bionale\u201d. <\/em><\/p>\n<p>&nbsp;<\/p>\n<p><strong>General maior <\/strong><strong>Constantin-Adrian CIOLPONEA, consilier al Ministrului Ap\u0103r\u0103rii Na\u021bionale, care a transmis mesajul <\/strong><strong>ministrului Ap\u0103r\u0103rii Na\u0163ionale, E.S. DI Angel T\u00ceLV\u0102R: <\/strong><\/p>\n<p><em>\u201eAcest eveniment vine \u00eentr-o perioad\u0103 de maxim\u0103 insecuritate pentru Europa \u0219i pentru \u00eentreaga lume. Prin agresiunea Federa\u021biei Ruse \u00eempotriva Ucrainei, r\u0103zboiul conven\u021bional a revenit \u00een Europa. Ca r\u0103spuns la aceste schimb\u0103ri, la nivelul NATO s-a declan\u015fat un proces amplu de adaptare strategic\u0103 a Alian\u021bei la noile realit\u0103\u0163i din plan securitar, pentru consolidarea posturii de descurajare \u0219i \u00eent\u0103rirea capacit\u0103\u021bii de ap\u0103rare NATO pe \u00eentregul flanc estic aliat \u0219i, cu prec\u0103dere, \u00een regiunea M\u0103rii Negre. <\/em><\/p>\n<p><em>\u00cen acest context, observ\u0103m c\u00e2t de important\u0103 devine \u0219i securitatea colectiv\u0103, \u00een general. Rom\u00e2nia\u00a0 este un aliat solid, de \u00eencredere, un stat care demonstreaz\u0103 ambi\u021bie, voin\u021b\u0103 politic\u0103, care contribuie concret la realizarea \u0219i implementarea priorit\u0103\u021bilor comune de viitor, inclusiv \u00een asumarea ferm\u0103 a rolului de furnizor de securitate \u00een regiunea M\u0103rii Negre\u201d.<\/em><\/p>\n<p>&nbsp;<\/p>\n<p><strong>C<\/strong><strong>ontraamiral de flotil\u0103(r.) <\/strong><strong>Vergil CHI\u021aAC \u2013 fost <\/strong><strong>Rector al Academiei Navale \u201eMircea cel B\u0103tr\u00e2n\u201d:<\/strong><\/p>\n<p><em>\u201e<\/em><em>Ce trebuie s\u0103 fac\u0103 Rom\u00e2nia, \u00een acest context \u00een care ne afl\u0103m, cu un r\u0103zboi la grani\u021b\u0103? \u00cen primul r\u00e2nd, consolidarea func\u021bion\u0103rii statului, ceea ce \u00eenseamn\u0103 guvernare bun\u0103, domnia legii, economia de pia\u021b\u0103 concuren\u021bial\u0103. Rusia nu \u0219tie cum s\u0103 procedeze \u00een \u021b\u0103ri \u00een care statul de drept func\u021bioneaz\u0103 \u0219i care sunt independente energetic fa\u021b\u0103 de ea. <\/em><\/p>\n<p><em>Dezvoltarea capabilit\u0103\u021bilor militare \u0219i dotarea Armatei cu echipamente militare trebuie s\u0103 fie o alt\u0103 prioritate pentru noi. Ce ne arat\u0103 acest r\u0103zboi? C\u0103 putem s\u0103 avem libertate c\u00e2t\u0103 vrem, putem avea confort economic, putem avea pace social\u0103, dar la ce folos, dac\u0103 te treze\u0219ti a doua zi cu tancurile ru\u0219ilor peste tine? Concluzia este c\u0103 securitatea militar\u0103 este extrem de important\u0103 pentru un stat. Elaborarea Strategiei M\u0103rii Negre este, de asemenea, un punct important pe care trebuie s\u0103-l rezolve Rom\u00e2nia\u201d.<\/em><\/p>\n<p><em>\u00a0<\/em><\/p>\n<p><strong>C\u0103pitan Comandor Daniel ARANDA \u2013 Ata\u0219atul naval al SUA \u00een Rom\u00e2nia: <\/strong><strong>\u00a0<\/strong><\/p>\n<p><em>\u201eLa acest eveniment reprezint Ambasada SUA \u00een Rom\u00e2nia, pe Ambasadorul Statelor Unite ale Americii \u00een Rom\u00e2nia, US Navy \u0219i Ministerul Ap\u0103r\u0103rii SUA. Av\u00e2nd \u00een vedere subiectul discu\u021biei de ast\u0103zi, este o oportunitate foarte bun\u0103 de a vorbi despre cum asigur\u0103m pacea \u00een zona M\u0103rii Negre. \u00cen acest sens, trebuie s\u0103 cooper\u0103m cu to\u021bii, at\u00e2t partea civil\u0103, c\u00e2t \u0219i cea militar\u0103. Este important s\u0103 lucr\u0103m \u00eempreun\u0103 &#8211; SUA, Rom\u00e2nia \u0219i ceilal\u021bi parteneri NATO -, pentru a men\u021bine coeziunea, pentru c\u0103 Rusia asta \u00eencearc\u0103, s\u0103 distrug\u0103 unitatea. <\/em><\/p>\n<p><em>\u00cen afar\u0103 de ceea ce \u00eenseamn\u0103 conflictul militar, trebuie s\u0103 avem o pres\u0103 liber\u0103, s\u0103 lupt\u0103m \u00eempotriva informa\u021biilor false \u0219i a fake news-urilor, at\u00e2t pe re\u021belele sociale, c\u00e2t \u0219i \u00een mass-media. Doar dac\u0103 mergem \u00eempreun\u0103 pe toate palierele, putem ie\u0219i \u00eenving\u0103tori. C\u00e2nd acest r\u0103zboi se va termina \u0219i vom avea pace, la fel de important va fi s\u0103 colabor\u0103m cu to\u021bi partenerii pentru reconstruc\u021bia Ucrainei. Nu exist\u0103 doar o solu\u021bie militar\u0103 la acest r\u0103zboi, este ceva mult mai complex. De aceea sunt \u00eenc\u00e2ntat s\u0103 v\u0103d la acest eveniment presa, c\u00e2t \u0219i reprezentan\u021bi ai societ\u0103\u021bii civile\u201d.<\/em><\/p>\n<p>&nbsp;<\/p>\n<p><strong>Discursul integral al domnului Viceamiral Mihai PANAIT, <\/strong><\/p>\n<p><strong>\u0218eful Statului Major al For\u021belor Navale Rom\u00e2ne:<\/strong><\/p>\n<p>Doamnelor si domnilor,<\/p>\n<p>Onorat\u0103 asisten\u021b\u0103,<\/p>\n<p>Bine a\u021bi venit la acest eveniment important, <strong>International Public Forum \u201eNATO \u0219i provoc\u0103rile pentru 2023 &#8211; 2024: Securitatea bazinului M\u01cerii Negre. C\u00e2t de sigur\u01ce mai este lumea?\u201d<\/strong>, activitate organizat\u0103 de Asocia\u021bia de Dezvoltare Durabil\u0103 a Jude\u021bului Constan\u021ba \u00een cooperare cu For\u021bele Navale Rom\u00e2ne, \u00een calitate de partener.<\/p>\n<p>\u00cen primul r\u00e2nd, doresc s\u0103 mul\u021bumesc Asocia\u021biei de Dezvoltare Durabil\u0103 a Jude\u021bului Constan\u021ba \u0219i invita\u021bilor speciali, paneli\u0219tilor, moderatorilor, celor din comitetul de organizare \u0219i tuturor celorlal\u021bi care a\u021bi r\u0103spuns prezent la acest eveniment \u0219i a\u021bi f\u0103cut tot posibilul ca aceast\u0103 activitate s\u0103 aib\u0103 loc.<\/p>\n<p>Tematica evenimentului este de actualitate \u0219i \u00een concordan\u021b\u0103 cu preocup\u0103rile institu\u021biilor \u0219i organiza\u021biilor care activeaz\u0103 \u00een domeniul securit\u0103\u021bii \u0219i ap\u0103r\u0103rii, la nivel local, na\u021bional \u0219i interna\u021bional, cu subiecte foarte interesante, grupate foarte bine \u00een cadrul celor 3 paneluri, astfel:<\/p>\n<ul>\n<li>\u201eProvoc\u0103rile NATO \u00een 2023-2024. Securitatea la Marea Neagr\u0103\u201d;<\/li>\n<li>,,R\u0103zboiul digital. Disruption \u00een mass-media \u0219i cum combatem fake news-ul\u201d;<\/li>\n<li>\u201eUcraina &amp; NATO. Cum mergem mai departe\u201d.<\/li>\n<\/ul>\n<p>\u00cen al doilea r\u00e2nd, sunt foarte \u00eenc\u00e2ntat c\u0103 aceast\u0103 conferin\u021b\u0103 are loc la Constan\u021ba, principalul port de la Marea Neagr\u0103.<\/p>\n<p>Anexarea ilegal\u0103 a Crimeei de c\u0103tre Federa\u021bia Rus\u0103, \u00een 2014, a condus la dezvoltarea unui mediu de securitate maritim\u0103 din ce \u00een ce mai volatil \u0219i mai militarizat. Din p\u0103cate, formatele existente de cooperare, \u00een special \u00een domeniul naval, au fost subminate de Rusia, care \u0219i-a folosit puterea maritim\u0103, doar ca instrument de provocare, ignor\u00e2nd principiile dreptului interna\u021bional \u0219i totul a culminat pe 24.02.2022, odat\u0103 cu invadarea ilegal\u0103 \u0219i neprovocat\u0103 a Ucrainei de c\u0103tre Federa\u021bia Rus\u0103. \u00cen prezent, regiunea M\u0103rii Negre este \u00een centrul aten\u021biei, at\u00e2t la nivel regional, c\u00e2t \u0219i global. Importan\u021ba regiunii \u00een care a tr\u0103im a crescut foarte mult, principalii actori av\u00e2nd \u00een lucru elaborarea de strategii proprii sau comune \u0219i alte documente programatice.<\/p>\n<p>Nu \u00een cele din urm\u0103, Forumul are loc \u00een momente \u00een care situa\u021bia de securitate din Marea Neagr\u0103 este \u00een continuare foarte grav\u0103. Statele riverane \u0219i comunitatea euro-atlantic\u0103 se confrunt\u0103 cu noi provoc\u0103ri la o scar\u0103 nemaiv\u0103zut\u0103 de zeci de ani. Unitatea \u0219i solidaritatea sunt foarte importante \u00een aceste momente extrem de dificile.<\/p>\n<p>Forumul Interna\u021bional Public este o ini\u021biativ\u0103 care are poten\u021bialul de a se transforma \u00eentr-un forum periodic, acest eveniment reprezent\u00e2nd o oportunitate unic\u0103 de a ne \u00eent\u00e2lni, de a construi rela\u021bii \u00een comunitatea de interese \u0219i de a discuta despre cooperarea \u0219i coordonarea \u00een domeniul securit\u0103\u021bii maritime, pe plan regional, cu reprezentan\u021bi \u0219i delega\u021bi ai principalelor institu\u021bii din \u021bara noastr\u0103, din mediul academic \u0219i din cadrul statelor partenere \u0219i aliate.<\/p>\n<p>Participarea dumneavoastr\u0103 la acest eveniment aduce un plus de valoare inestimabil activit\u0103\u021bii, transmite un mesaj clar cu privire la importan\u021ba deosebit\u0103 pe care o acord\u0103 Rom\u00e2nia situa\u021biei de securitate din regiunea M\u0103rii Negre. Forumul va consolida leg\u0103turile existente \u0219i va contribui la dezvoltarea cooper\u0103rii interinstitu\u021bionale \u0219i interna\u021bionale.<\/p>\n<p>\u00cen final, profit de aceast\u0103 ocazie pentru a v\u0103 asigura de \u00eenalta mea considera\u021bie \u0219i v\u0103 doresc mult succes \u00een derularea acestui eveniment.<\/p>\n<p>&nbsp;<\/p>\n<p><strong>\u00a0<\/strong><\/p>\n<p><strong>Discursul integral al doamnei Ana-Maria V\u0103t\u0103manu, <\/strong><\/p>\n<p><strong>Pre\u0219edintele Asocia\u021biei de Dezvoltare Durabil\u0103 a Jude\u021bului Constan\u021ba<\/strong><\/p>\n<p><strong>\u00a0<\/strong><\/p>\n<p>Doamnelor \u0219i domnilor, bun\u0103 ziua!<\/p>\n<p>Salut prezen\u021ba la eveniment a <strong>E.S. Dl. <\/strong><strong>\u00d6zg\u00fcr K\u0131van\u00e7 Altan, Ambasador Extraordinar \u0219i Plenipoten\u021biar al Turciei \u00een Rom\u00e2nia<\/strong><strong>, \u0219i<\/strong> a <strong>E.S. Dl. Emre Yurdakul,<\/strong> Consulul general al Turciei \u00een Rom\u00e2nia.<\/p>\n<p>Bine a\u021bi venit la \u201eInternational Public Forum: NATO \u0219i provoc\u01cerile pentru 2023 &#8211; 2024: Securitatea bazinului M\u01cerii Negre. C\u00e2t de sigur\u01ce mai este lumea?\u201d, eveniment organizat de Asocia\u021bia de Dezvoltare Durabil\u0103 a Jude\u021bului Constan\u021ba, \u00een parteneriat cu For\u021bele Navale Rom\u00e2ne!<\/p>\n<p>V\u0103 mul\u021bumesc tuturor pentru c\u0103 ne sunte\u021bi al\u0103turi! \u00cen mod deosebit, \u00eei mul\u021bumesc domnului Viceamiral <strong>Mihai PANAIT<\/strong>, \u0218eful Statului Major al For\u021belor Navale Rom\u00e2ne, pentru parteneriatul la acest eveniment, pentru efortul depus, al\u0103turi de colegii dumnealui, de a ne sprijini \u00een tot ce a \u00eensemnat organizarea International Public Forum!<\/p>\n<p>Le mul\u021bumesc, de asemenea, tuturor profesioni\u0219tilor, oamenilor excep\u021bionali, care au acceptat invita\u021bia noastr\u0103 de a participa, \u00een calitate de speakeri, la cele trei paneluri ale Forumului.<\/p>\n<p>Ne afl\u0103m \u00eentr-un moment provocator at\u00e2t la nivel na\u021bional, c\u00e2t \u0219i interna\u021bional, cu un r\u0103zboi la frontiera Rom\u00e2niei, care vedem c\u0103 dureaz\u0103 deja de mai bine de un an. R\u0103zboi declan\u0219at, \u00een mod nejustificat \u0219i criminal, de c\u0103tre Federa\u021bia Rus\u0103 \u00eempotriva Ucrainei. Un r\u0103zboi \u00een care, am convingerea, Ucraina va \u00eenvinge. Democra\u021bia va \u00eenvinge!<\/p>\n<p>Trecem printr-o perioad\u0103 \u00een care avem cu to\u021bii obliga\u021bia de a condamna cu fermitate crimele \u00eempotriva popula\u021biei civile din Ucraina, invadarea unui stat pa\u0219nic, la fel cum avem obliga\u021bia de a r\u0103m\u00e2ne uni\u021bi, al\u0103turi de partenerii no\u0219tri din Uniunea European\u0103 \u0219i din NATO, pentru a ie\u0219i, tot \u00eempreun\u0103, mai puternici din aceast\u0103 tragedie de propor\u021bii prin care trece omenirea.<\/p>\n<p>Consider, de asemenea, c\u0103 \u00een astfel de momente faptele sunt cele care fac diferen\u021ba, nu doar cuvintele. Acesta este \u0219i unul dintre motivele pentru care, \u00een calitate de pre\u0219edinte al Asocia\u021biei de Dezvoltare Durabil\u0103 a Jude\u021bului Constan\u021ba, am decis c\u0103 este important s\u0103 organiz\u0103m International Public Forum.<\/p>\n<p>Poate c\u0103 v\u0103 \u00eentreba\u021bi ce leg\u0103tur\u0103 exist\u0103 \u00eentre o asocia\u021bie de dezvoltare durabil\u0103 \u0219i problemele legate de r\u0103zboiul din Ucraina, de provoc\u0103rile Rom\u00e2niei \u0219i ale NATO, \u00een acest context? F\u0103r\u0103 a vrea s\u0103 v\u0103 r\u0103pesc prea mult timp, voi spune, pe scurt, c\u0103 dezvoltare durabil\u0103 se poate face doar \u00een condi\u021bii de pace, cu institu\u021bii stabile, cu o popula\u021bie bine educat\u0103, corect informat\u0103 \u0219i implicat\u0103 \u00een dezvoltarea societ\u0103\u021bii.<\/p>\n<p>Pilonul 16 din Strategia de Dezvoltare Durabil\u0103 votat\u0103 de ONU \u00een 2015 \u0219i asumat\u0103 \u00een integralitate de Uniunea European\u0103, inclusiv de Rom\u00e2nia, prin Strategia Na\u021bional\u0103 de Dezvoltare Durabil\u0103 2030,\u00a0 este: \u201ePace, justi\u021bie \u0219i institu\u021bii eficiente\u201d. Acest pilon se define\u0219te generic prin \u201epromovarea unor societ\u0103\u021bi pa\u0219nice \u0219i incluzive pentru o dezvoltare durabil\u0103, accesul la justi\u021bie pentru to\u0163i cet\u0103\u021benii \u015fi crearea unor institu\u0163ii eficiente, responsabile \u015fi incluzive, la toate nivelurile\u201d.<\/p>\n<p>Acesta este motivul esen\u021bial pentru care Asocia\u021bia de Dezvoltare Durabil\u0103 a Jude\u021bului Constan\u021ba, care are ca scop implementarea celor 17 piloni din Strategia Na\u021bional\u0103 de Dezvoltare Durabil\u0103 2030, al\u0103turi de realizarea obiectivelor din Strategia Jude\u021bean\u0103, a considerat c\u0103 este momentul s\u0103 se implice activ inclusiv prin organizarea unui eveniment ca cel la care suntem ast\u0103zi \u00eempreun\u0103.<\/p>\n<p>Adev\u0103rul, onoarea, curajul, demnitatea, siguran\u021ba cet\u0103\u021benilor, securitatea frontierelor, \u00eent\u0103rirea institu\u021biilor statului, justi\u021bia f\u0103cut\u0103 \u00een slujba legii, informarea corect\u0103 a publicului larg, combaterea cu fermitate a fake news-ului, \u00eent\u0103rirea permanent\u0103 a valorilor care ne-au \u021binut p\u00e2n\u0103 acum uni\u021bi \u2013 \u0219i trebuie s\u0103 ne \u021bin\u0103 uni\u021bi \u0219i de aici \u00eenainte, la nivel de \u021bar\u0103, de familiile noastre din Uniunea European\u0103 \u0219i din NATO, sunt lucrurile pe care avem obliga\u021bia s\u0103 le ap\u0103r\u0103m, despre care avem obliga\u021bia s\u0103 vorbim cu voce tare, pentru a le p\u0103stra \u0219i pentru a le cre\u0219te.<\/p>\n<p>Cred foarte mult \u00een faptul c\u0103 democra\u021bia nu este un dat. Democra\u021bia este un lucru pentru care, \u00een fiecare moment al vie\u021bii noastre, cu toat\u0103 credin\u021ba \u0219i puterea pe care le avem, suntem datori s\u0103 lupt\u0103m.<\/p>\n<p>V\u0103 mul\u021bumesc \u00eenc\u0103 o dat\u0103 tuturor \u0219i v\u0103 invit s\u0103 ne fi\u021bi al\u0103turi p\u00e2n\u0103 la finalul International Public Forum! V\u0103 asigur c\u0103 va merita tot efortul.<\/p>\n<p>&nbsp;<\/p>\n<p><strong><em>\u00a0<\/em><\/strong><\/p>\n<p><strong><em>VIDEO: \u00cenregistr\u0103rile video ale International Public Forum pot fi accesate aici:<\/em><\/strong><\/p>\n<p>&nbsp;<\/p>\n<p><a href=\"https:\/\/www.facebook.com\/AsociatiadeDezvoltareDurabilaConstanta\/videos\/653489773321589\">https:\/\/www.facebook.com\/AsociatiadeDezvoltareDurabilaConstanta\/videos\/653489773321589<\/a><\/p>\n<p><a href=\"https:\/\/www.facebook.com\/AsociatiadeDezvoltareDurabilaConstanta\/videos\/1924721034564221\">https:\/\/www.facebook.com\/AsociatiadeDezvoltareDurabilaConstanta\/videos\/1924721034564221<\/a><\/p>\n\n\t\t<\/div>\n\t<\/div>\n<\/div><\/div><\/div><\/div><div class=\"vc_row wpb_row vc_row-fluid\"><div class=\"wpb_column vc_column_container vc_col-sm-12\"><div class=\"vc_column-inner\"><div class=\"wpb_wrapper\"><style type=\"text\/css\" data-type=\"the7_shortcodes-inline-css\">.gallery-carousel-shortcode.gallery-carousel-shortcode-id-2090a308cb4dda1c40d60422cab5d9b7 .owl-nav a {\n  width: 36px;\n  height: 36px;\n  border-radius: 500px;\n}\n.dt-arrow-border-on.gallery-carousel-shortcode.gallery-carousel-shortcode-id-2090a308cb4dda1c40d60422cab5d9b7 .owl-nav a:not(:hover):before {\n  border-width: 0px;\n}\n.dt-arrow-hover-border-on.gallery-carousel-shortcode.gallery-carousel-shortcode-id-2090a308cb4dda1c40d60422cab5d9b7 .owl-nav a:hover:after {\n  border-width: 0px;\n}\n.gallery-carousel-shortcode.gallery-carousel-shortcode-id-2090a308cb4dda1c40d60422cab5d9b7 .owl-nav a.owl-prev {\n  top: 50%;\n  transform: translateY(calc(-50% + 0px));\n  left: -43px;\n}\n@media all and (-ms-high-contrast: none) {\n  .gallery-carousel-shortcode.gallery-carousel-shortcode-id-2090a308cb4dda1c40d60422cab5d9b7 .owl-nav a.owl-prev {\n    transform: translateY(-50%);\n    margin-top: 0px;\n  }\n}\n.gallery-carousel-shortcode.gallery-carousel-shortcode-id-2090a308cb4dda1c40d60422cab5d9b7 .owl-nav a.owl-prev i {\n  padding: 0px 0px 0px 0px;\n}\n.gallery-carousel-shortcode.gallery-carousel-shortcode-id-2090a308cb4dda1c40d60422cab5d9b7 .owl-nav a.owl-next {\n  top: 50%;\n  transform: translateY(calc(-50% + 0px));\n  right: -43px;\n}\n@media all and (-ms-high-contrast: none) {\n  .gallery-carousel-shortcode.gallery-carousel-shortcode-id-2090a308cb4dda1c40d60422cab5d9b7 .owl-nav a.owl-next {\n    transform: translateY(-50%);\n    margin-top: 0px;\n  }\n}\n.gallery-carousel-shortcode.gallery-carousel-shortcode-id-2090a308cb4dda1c40d60422cab5d9b7 .owl-nav a.owl-next i {\n  padding: 0px 0px 0px 0px;\n}\n.gallery-carousel-shortcode.gallery-carousel-shortcode-id-2090a308cb4dda1c40d60422cab5d9b7 .owl-nav i {\n  font-size: 18px;\n}\n.gallery-carousel-shortcode.gallery-carousel-shortcode-id-2090a308cb4dda1c40d60422cab5d9b7 .owl-nav a:not(:hover) i,\n.gallery-carousel-shortcode.gallery-carousel-shortcode-id-2090a308cb4dda1c40d60422cab5d9b7 .owl-nav a:not(:hover) i:before {\n  color: #ffffff;\n  background: none;\n}\n.gallery-carousel-shortcode.gallery-carousel-shortcode-id-2090a308cb4dda1c40d60422cab5d9b7 .owl-nav a:hover i,\n.gallery-carousel-shortcode.gallery-carousel-shortcode-id-2090a308cb4dda1c40d60422cab5d9b7 .owl-nav a:hover i:before {\n  color: rgba(255,255,255,0.75);\n  background: none;\n}\n.gallery-carousel-shortcode.gallery-carousel-shortcode-id-2090a308cb4dda1c40d60422cab5d9b7 .owl-dots {\n  top: calc(100% + 20px);\n  left: 50%;\n  transform: translateX(calc(-50% + 0px));\n}\n@media all and (-ms-high-contrast: none) {\n  .gallery-carousel-shortcode.gallery-carousel-shortcode-id-2090a308cb4dda1c40d60422cab5d9b7 .owl-dots {\n    transform: translateX(-50%);\n    margin-left: 0px;\n  }\n}\n.gallery-carousel-shortcode.gallery-carousel-shortcode-id-2090a308cb4dda1c40d60422cab5d9b7 .owl-dot {\n  width: 10px;\n  height: 10px;\n  margin: 0 8px;\n}\n@media screen and (max-width: 778px) {\n  .gallery-carousel-shortcode.gallery-carousel-shortcode-id-2090a308cb4dda1c40d60422cab5d9b7.hide-arrows .owl-nav a {\n    display: none;\n  }\n}\n@media screen and (max-width: 778px) {\n  .gallery-carousel-shortcode.gallery-carousel-shortcode-id-2090a308cb4dda1c40d60422cab5d9b7.reposition-arrows .owl-nav .owl-prev {\n    top: 50%;\n    transform: translateY(calc(-50% + 0px));\n    left: 10px;\n  }\n  .gallery-carousel-shortcode.gallery-carousel-shortcode-id-2090a308cb4dda1c40d60422cab5d9b7.reposition-arrows .owl-nav .owl-next {\n    top: 50%;\n    transform: translateY(calc(-50% + 0px));\n    right: 10px;\n  }\n}\n@media screen and (max-width: 778px) and all and (-ms-high-contrast: none) {\n  .gallery-carousel-shortcode.gallery-carousel-shortcode-id-2090a308cb4dda1c40d60422cab5d9b7.reposition-arrows .owl-nav .owl-prev {\n    transform: translateY(-50%);\n    margin-top: 0px;\n  }\n}\n@media screen and (max-width: 778px) and all and (-ms-high-contrast: none) {\n  .gallery-carousel-shortcode.gallery-carousel-shortcode-id-2090a308cb4dda1c40d60422cab5d9b7.reposition-arrows .owl-nav .owl-next {\n    transform: translateY(-50%);\n    margin-top: 0px;\n  }\n}\n.gallery-carousel-shortcode.gallery-carousel-shortcode-id-2090a308cb4dda1c40d60422cab5d9b7 figure,\n.gallery-carousel-shortcode.gallery-carousel-shortcode-id-2090a308cb4dda1c40d60422cab5d9b7 .rollover,\n.gallery-carousel-shortcode.gallery-carousel-shortcode-id-2090a308cb4dda1c40d60422cab5d9b7 img,\n.gallery-carousel-shortcode.gallery-carousel-shortcode-id-2090a308cb4dda1c40d60422cab5d9b7 .gallery-rollover {\n  border-radius: 0px;\n}\n.gallery-carousel-shortcode.gallery-carousel-shortcode-id-2090a308cb4dda1c40d60422cab5d9b7.enable-bg-rollover .gallery-rollover {\n  background: -webkit-linear-gradient();\n  background: linear-gradient();\n}\n.gallery-carousel-shortcode.gallery-carousel-shortcode-id-2090a308cb4dda1c40d60422cab5d9b7.enable-img-shadow .owl-stage-outer {\n  padding: 14px 0;\n}\n.gallery-carousel-shortcode.gallery-carousel-shortcode-id-2090a308cb4dda1c40d60422cab5d9b7.enable-bg-rollover.hover-scale figure .rollover:after {\n  background: -webkit-linear-gradient();\n  background: linear-gradient();\n}\n.gallery-carousel-shortcode.gallery-carousel-shortcode-id-2090a308cb4dda1c40d60422cab5d9b7.gallery-shortcode .gallery-zoom-ico {\n  width: 44px;\n  height: 44px;\n  line-height: 44px;\n  border-radius: 100px;\n  margin: -22px 0 0 -22px;\n  border-width: 0px;\n}\n.dt-icon-bg-on.gallery-carousel-shortcode.gallery-carousel-shortcode-id-2090a308cb4dda1c40d60422cab5d9b7.gallery-shortcode .gallery-zoom-ico {\n  background: rgba(255,255,255,0.3);\n  box-shadow: none;\n}\n.gallery-carousel-shortcode.gallery-carousel-shortcode-id-2090a308cb4dda1c40d60422cab5d9b7.gallery-shortcode .gallery-zoom-ico:before,\n.gallery-carousel-shortcode.gallery-carousel-shortcode-id-2090a308cb4dda1c40d60422cab5d9b7.gallery-shortcode .gallery-zoom-ico span {\n  font-size: 32px;\n  line-height: 44px;\n  color: #ffffff;\n  background: none;\n}\n<\/style><div class=\"owl-carousel gallery-carousel-shortcode gallery-shortcode  dt-gallery-container dt-owl-carousel-call gallery-carousel-shortcode-id-2090a308cb4dda1c40d60422cab5d9b7 quick-scale-img enable-bg-rollover meta-info-off dt-arrow-border-on dt-arrow-hover-border-on bullets-small-dot-stroke reposition-arrows dt-icon-bg-off arrows-bg-on disable-arrows-hover-bg arrows-hover-bg-on  hover-fade\" data-scroll-mode=\"1\" data-col-num=\"6\" data-wide-col-num=\"6\" data-laptop-col=\"5\" data-h-tablet-columns-num=\"4\" data-v-tablet-columns-num=\"3\" data-phone-columns-num=\"1\" data-col-gap=\"10\" data-stage-padding=\"0\" data-speed=\"600\" data-autoplay=\"false\" data-autoplay_speed=\"6000\" data-arrows=\"true\" data-bullet=\"false\" data-next-icon=\"icon-ar-017-r\" data-prev-icon=\"icon-ar-017-l\" data-img-shadow-size=\"12px\" data-img-shadow-spread=\"3px\"><div data-post-id=\"1695\" data-date=\"2023-06-19T15:35:24+03:00\" data-name=\"IMG-20230619-WA0017\"><figure class=\"post\"><a href=\"https:\/\/addjc.ro\/wp-content\/uploads\/2023\/06\/IMG-20230619-WA0017.jpg\" class=\"rollover dt-pswp-item layzr-bg\" data-large_image_width=\"1600\" data-large_image_height=\"1066\" data-dt-img-description=\"\" title=\"IMG-20230619-WA0017\"><img loading=\"lazy\" decoding=\"async\" class=\"preload-me owl-lazy-load\" src=\"data:image\/svg+xml,%3Csvg%20xmlns%3D&#39;http%3A%2F%2Fwww.w3.org%2F2000%2Fsvg&#39;%20viewBox%3D&#39;0%200%201066%201066&#39;%2F%3E\" data-src=\"https:\/\/addjc.ro\/wp-content\/uploads\/2023\/06\/IMG-20230619-WA0017-1066x1066.jpg\" data-srcset=\"https:\/\/addjc.ro\/wp-content\/uploads\/2023\/06\/IMG-20230619-WA0017-1066x1066.jpg 1066w\" alt=\"\" width=\"1066\" height=\"1066\"  \/><span class=\"gallery-rollover\"><span class=\"gallery-zoom-ico icomoon-the7-font-the7-zoom-06\"><span><\/span><\/span><\/span><\/a><\/figure><\/div><div data-post-id=\"1696\" data-date=\"2023-06-19T15:35:26+03:00\" data-name=\"IMG-20230619-WA0009\"><figure class=\"post\"><a href=\"https:\/\/addjc.ro\/wp-content\/uploads\/2023\/06\/IMG-20230619-WA0009.jpg\" class=\"rollover dt-pswp-item layzr-bg\" data-large_image_width=\"1600\" data-large_image_height=\"1027\" data-dt-img-description=\"\" title=\"IMG-20230619-WA0009\"><img loading=\"lazy\" decoding=\"async\" class=\"preload-me owl-lazy-load\" src=\"data:image\/svg+xml,%3Csvg%20xmlns%3D&#39;http%3A%2F%2Fwww.w3.org%2F2000%2Fsvg&#39;%20viewBox%3D&#39;0%200%201027%201027&#39;%2F%3E\" data-src=\"https:\/\/addjc.ro\/wp-content\/uploads\/2023\/06\/IMG-20230619-WA0009-1027x1027.jpg\" data-srcset=\"https:\/\/addjc.ro\/wp-content\/uploads\/2023\/06\/IMG-20230619-WA0009-1027x1027.jpg 1027w\" alt=\"\" width=\"1027\" height=\"1027\"  \/><span class=\"gallery-rollover\"><span class=\"gallery-zoom-ico icomoon-the7-font-the7-zoom-06\"><span><\/span><\/span><\/span><\/a><\/figure><\/div><div data-post-id=\"1697\" data-date=\"2023-06-19T15:35:28+03:00\" data-name=\"IMG-20230619-WA0010\"><figure class=\"post\"><a href=\"https:\/\/addjc.ro\/wp-content\/uploads\/2023\/06\/IMG-20230619-WA0010.jpg\" class=\"rollover dt-pswp-item layzr-bg\" data-large_image_width=\"1600\" data-large_image_height=\"1339\" data-dt-img-description=\"\" title=\"IMG-20230619-WA0010\"><img loading=\"lazy\" decoding=\"async\" class=\"preload-me owl-lazy-load\" src=\"data:image\/svg+xml,%3Csvg%20xmlns%3D&#39;http%3A%2F%2Fwww.w3.org%2F2000%2Fsvg&#39;%20viewBox%3D&#39;0%200%201339%201339&#39;%2F%3E\" data-src=\"https:\/\/addjc.ro\/wp-content\/uploads\/2023\/06\/IMG-20230619-WA0010-1339x1339.jpg\" data-srcset=\"https:\/\/addjc.ro\/wp-content\/uploads\/2023\/06\/IMG-20230619-WA0010-1339x1339.jpg 1339w\" alt=\"\" width=\"1339\" height=\"1339\"  \/><span class=\"gallery-rollover\"><span class=\"gallery-zoom-ico icomoon-the7-font-the7-zoom-06\"><span><\/span><\/span><\/span><\/a><\/figure><\/div><div data-post-id=\"1698\" data-date=\"2023-06-19T15:35:30+03:00\" data-name=\"IMG-20230619-WA0011\"><figure class=\"post\"><a href=\"https:\/\/addjc.ro\/wp-content\/uploads\/2023\/06\/IMG-20230619-WA0011.jpg\" class=\"rollover dt-pswp-item layzr-bg\" data-large_image_width=\"1600\" data-large_image_height=\"1066\" data-dt-img-description=\"\" title=\"IMG-20230619-WA0011\"><img loading=\"lazy\" decoding=\"async\" class=\"preload-me owl-lazy-load\" src=\"data:image\/svg+xml,%3Csvg%20xmlns%3D&#39;http%3A%2F%2Fwww.w3.org%2F2000%2Fsvg&#39;%20viewBox%3D&#39;0%200%201066%201066&#39;%2F%3E\" data-src=\"https:\/\/addjc.ro\/wp-content\/uploads\/2023\/06\/IMG-20230619-WA0011-1066x1066.jpg\" data-srcset=\"https:\/\/addjc.ro\/wp-content\/uploads\/2023\/06\/IMG-20230619-WA0011-1066x1066.jpg 1066w\" alt=\"\" width=\"1066\" height=\"1066\"  \/><span class=\"gallery-rollover\"><span class=\"gallery-zoom-ico icomoon-the7-font-the7-zoom-06\"><span><\/span><\/span><\/span><\/a><\/figure><\/div><div data-post-id=\"1699\" data-date=\"2023-06-19T15:35:31+03:00\" data-name=\"IMG-20230619-WA0012\"><figure class=\"post\"><a href=\"https:\/\/addjc.ro\/wp-content\/uploads\/2023\/06\/IMG-20230619-WA0012.jpg\" class=\"rollover dt-pswp-item layzr-bg\" data-large_image_width=\"1600\" data-large_image_height=\"1066\" data-dt-img-description=\"\" title=\"IMG-20230619-WA0012\"><img loading=\"lazy\" decoding=\"async\" class=\"preload-me owl-lazy-load\" src=\"data:image\/svg+xml,%3Csvg%20xmlns%3D&#39;http%3A%2F%2Fwww.w3.org%2F2000%2Fsvg&#39;%20viewBox%3D&#39;0%200%201066%201066&#39;%2F%3E\" data-src=\"https:\/\/addjc.ro\/wp-content\/uploads\/2023\/06\/IMG-20230619-WA0012-1066x1066.jpg\" data-srcset=\"https:\/\/addjc.ro\/wp-content\/uploads\/2023\/06\/IMG-20230619-WA0012-1066x1066.jpg 1066w\" alt=\"\" width=\"1066\" height=\"1066\"  \/><span class=\"gallery-rollover\"><span class=\"gallery-zoom-ico icomoon-the7-font-the7-zoom-06\"><span><\/span><\/span><\/span><\/a><\/figure><\/div><div data-post-id=\"1700\" data-date=\"2023-06-19T15:35:33+03:00\" data-name=\"IMG-20230619-WA0013\"><figure class=\"post\"><a href=\"https:\/\/addjc.ro\/wp-content\/uploads\/2023\/06\/IMG-20230619-WA0013.jpg\" class=\"rollover dt-pswp-item layzr-bg\" data-large_image_width=\"1600\" data-large_image_height=\"1066\" data-dt-img-description=\"\" title=\"IMG-20230619-WA0013\"><img loading=\"lazy\" decoding=\"async\" class=\"preload-me owl-lazy-load\" src=\"data:image\/svg+xml,%3Csvg%20xmlns%3D&#39;http%3A%2F%2Fwww.w3.org%2F2000%2Fsvg&#39;%20viewBox%3D&#39;0%200%201066%201066&#39;%2F%3E\" data-src=\"https:\/\/addjc.ro\/wp-content\/uploads\/2023\/06\/IMG-20230619-WA0013-1066x1066.jpg\" data-srcset=\"https:\/\/addjc.ro\/wp-content\/uploads\/2023\/06\/IMG-20230619-WA0013-1066x1066.jpg 1066w\" alt=\"\" width=\"1066\" height=\"1066\"  \/><span class=\"gallery-rollover\"><span class=\"gallery-zoom-ico icomoon-the7-font-the7-zoom-06\"><span><\/span><\/span><\/span><\/a><\/figure><\/div><div data-post-id=\"1701\" data-date=\"2023-06-19T15:35:35+03:00\" data-name=\"IMG-20230619-WA0014\"><figure class=\"post\"><a href=\"https:\/\/addjc.ro\/wp-content\/uploads\/2023\/06\/IMG-20230619-WA0014.jpg\" class=\"rollover dt-pswp-item layzr-bg\" data-large_image_width=\"1600\" data-large_image_height=\"1066\" data-dt-img-description=\"\" title=\"IMG-20230619-WA0014\"><img loading=\"lazy\" decoding=\"async\" class=\"preload-me owl-lazy-load\" src=\"data:image\/svg+xml,%3Csvg%20xmlns%3D&#39;http%3A%2F%2Fwww.w3.org%2F2000%2Fsvg&#39;%20viewBox%3D&#39;0%200%201066%201066&#39;%2F%3E\" data-src=\"https:\/\/addjc.ro\/wp-content\/uploads\/2023\/06\/IMG-20230619-WA0014-1066x1066.jpg\" data-srcset=\"https:\/\/addjc.ro\/wp-content\/uploads\/2023\/06\/IMG-20230619-WA0014-1066x1066.jpg 1066w\" alt=\"\" width=\"1066\" height=\"1066\"  \/><span class=\"gallery-rollover\"><span class=\"gallery-zoom-ico icomoon-the7-font-the7-zoom-06\"><span><\/span><\/span><\/span><\/a><\/figure><\/div><div data-post-id=\"1702\" data-date=\"2023-06-19T15:35:37+03:00\" data-name=\"IMG-20230619-WA0015\"><figure class=\"post\"><a href=\"https:\/\/addjc.ro\/wp-content\/uploads\/2023\/06\/IMG-20230619-WA0015.jpg\" class=\"rollover dt-pswp-item layzr-bg\" data-large_image_width=\"1600\" data-large_image_height=\"1516\" data-dt-img-description=\"\" title=\"IMG-20230619-WA0015\"><img loading=\"lazy\" decoding=\"async\" class=\"preload-me owl-lazy-load\" src=\"data:image\/svg+xml,%3Csvg%20xmlns%3D&#39;http%3A%2F%2Fwww.w3.org%2F2000%2Fsvg&#39;%20viewBox%3D&#39;0%200%201516%201516&#39;%2F%3E\" data-src=\"https:\/\/addjc.ro\/wp-content\/uploads\/2023\/06\/IMG-20230619-WA0015-1516x1516.jpg\" data-srcset=\"https:\/\/addjc.ro\/wp-content\/uploads\/2023\/06\/IMG-20230619-WA0015-1516x1516.jpg 1516w\" alt=\"\" width=\"1516\" height=\"1516\"  \/><span class=\"gallery-rollover\"><span class=\"gallery-zoom-ico icomoon-the7-font-the7-zoom-06\"><span><\/span><\/span><\/span><\/a><\/figure><\/div><div data-post-id=\"1703\" data-date=\"2023-06-19T15:35:38+03:00\" data-name=\"IMG-20230619-WA0016\"><figure class=\"post\"><a href=\"https:\/\/addjc.ro\/wp-content\/uploads\/2023\/06\/IMG-20230619-WA0016.jpg\" class=\"rollover dt-pswp-item layzr-bg\" data-large_image_width=\"1600\" data-large_image_height=\"1066\" data-dt-img-description=\"\" title=\"IMG-20230619-WA0016\"><img loading=\"lazy\" decoding=\"async\" class=\"preload-me owl-lazy-load\" src=\"data:image\/svg+xml,%3Csvg%20xmlns%3D&#39;http%3A%2F%2Fwww.w3.org%2F2000%2Fsvg&#39;%20viewBox%3D&#39;0%200%201066%201066&#39;%2F%3E\" data-src=\"https:\/\/addjc.ro\/wp-content\/uploads\/2023\/06\/IMG-20230619-WA0016-1066x1066.jpg\" data-srcset=\"https:\/\/addjc.ro\/wp-content\/uploads\/2023\/06\/IMG-20230619-WA0016-1066x1066.jpg 1066w\" alt=\"\" width=\"1066\" height=\"1066\"  \/><span class=\"gallery-rollover\"><span class=\"gallery-zoom-ico icomoon-the7-font-the7-zoom-06\"><span><\/span><\/span><\/span><\/a><\/figure><\/div><\/div><\/div><\/div><\/div><\/div>","protected":false},"excerpt":{"rendered":"<p>\u00a0\u0218eful Statului Major al For\u021belor Navale Rom\u00e2ne \u0219i Ata\u0219atul naval al SUA \u00een Rom\u00e2nia, la \u201eInternational Public Forum. NATO \u0219i provoc\u01cerile pentru 2023 \u2013 2024\u201d, eveniment organizat de ADDJC &nbsp; \u00a0 Asocia\u021bia de Dezvoltare Durabil\u0103 a Jude\u021bului Constan\u021ba (ADDJC), av\u00e2nd drept partener For\u021bele Navale Rom\u00e2ne, a organizat joi, 15 iunie 2023, \u201eInternational Public Forum. NATO&hellip;<\/p>","protected":false},"author":1,"featured_media":0,"comment_status":"closed","ping_status":"closed","sticky":false,"template":"","format":"standard","meta":{"footnotes":""},"categories":[10],"tags":[],"class_list":["post-1694","post","type-post","status-publish","format-standard","hentry","category-comunicate-de-presa","category-10","description-off"],"yoast_head":"<!-- This site is optimized with the Yoast SEO plugin v27.5 - https:\/\/yoast.com\/product\/yoast-seo-wordpress\/ -->\n<title>International Public Forum. NATO \u0219i provoc\u01cerile pentru 2023 \u2013 2024 - Asociatia de Dezvoltare Durabila a Judetului Constanta<\/title>\n<meta name=\"robots\" content=\"index, follow, max-snippet:-1, max-image-preview:large, max-video-preview:-1\" \/>\n<link rel=\"canonical\" href=\"https:\/\/addjc.ro\/en\/international-public-forum-nato-si-provocarile-pentru-2023-2024\/\" \/>\n<meta property=\"og:locale\" content=\"en_US\" \/>\n<meta property=\"og:type\" content=\"article\" \/>\n<meta property=\"og:title\" content=\"International Public Forum. NATO \u0219i provoc\u01cerile pentru 2023 \u2013 2024 - Asociatia de Dezvoltare Durabila a Judetului Constanta\" \/>\n<meta property=\"og:url\" content=\"https:\/\/addjc.ro\/en\/international-public-forum-nato-si-provocarile-pentru-2023-2024\/\" \/>\n<meta property=\"og:site_name\" content=\"Asociatia de Dezvoltare Durabila a Judetului Constanta\" \/>\n<meta property=\"article:published_time\" content=\"2023-06-19T12:35:58+00:00\" \/>\n<meta name=\"author\" content=\"admin\" \/>\n<meta name=\"twitter:card\" content=\"summary_large_image\" \/>\n<meta name=\"twitter:label1\" content=\"Written by\" \/>\n\t<meta name=\"twitter:data1\" content=\"admin\" \/>\n\t<meta name=\"twitter:label2\" content=\"Est. reading time\" \/>\n\t<meta name=\"twitter:data2\" content=\"13 minutes\" \/>\n<script type=\"application\/ld+json\" class=\"yoast-schema-graph\">{\"@context\":\"https:\\\/\\\/schema.org\",\"@graph\":[{\"@type\":\"Article\",\"@id\":\"https:\\\/\\\/addjc.ro\\\/international-public-forum-nato-si-provocarile-pentru-2023-2024\\\/#article\",\"isPartOf\":{\"@id\":\"https:\\\/\\\/addjc.ro\\\/international-public-forum-nato-si-provocarile-pentru-2023-2024\\\/\"},\"author\":{\"name\":\"admin\",\"@id\":\"https:\\\/\\\/addjc.ro\\\/#\\\/schema\\\/person\\\/bac0dabcdbb5a7236e2fedb8d6177c8e\"},\"headline\":\"International Public Forum. NATO \u0219i provoc\u01cerile pentru 2023 \u2013 2024\",\"datePublished\":\"2023-06-19T12:35:58+00:00\",\"mainEntityOfPage\":{\"@id\":\"https:\\\/\\\/addjc.ro\\\/international-public-forum-nato-si-provocarile-pentru-2023-2024\\\/\"},\"wordCount\":2677,\"articleSection\":[\"Comunicate de pres\u0103\"],\"inLanguage\":\"en-US\"},{\"@type\":\"WebPage\",\"@id\":\"https:\\\/\\\/addjc.ro\\\/international-public-forum-nato-si-provocarile-pentru-2023-2024\\\/\",\"url\":\"https:\\\/\\\/addjc.ro\\\/international-public-forum-nato-si-provocarile-pentru-2023-2024\\\/\",\"name\":\"International Public Forum. NATO \u0219i provoc\u01cerile pentru 2023 \u2013 2024 - Asociatia de Dezvoltare Durabila a Judetului Constanta\",\"isPartOf\":{\"@id\":\"https:\\\/\\\/addjc.ro\\\/#website\"},\"datePublished\":\"2023-06-19T12:35:58+00:00\",\"author\":{\"@id\":\"https:\\\/\\\/addjc.ro\\\/#\\\/schema\\\/person\\\/bac0dabcdbb5a7236e2fedb8d6177c8e\"},\"breadcrumb\":{\"@id\":\"https:\\\/\\\/addjc.ro\\\/international-public-forum-nato-si-provocarile-pentru-2023-2024\\\/#breadcrumb\"},\"inLanguage\":\"en-US\",\"potentialAction\":[{\"@type\":\"ReadAction\",\"target\":[\"https:\\\/\\\/addjc.ro\\\/international-public-forum-nato-si-provocarile-pentru-2023-2024\\\/\"]}]},{\"@type\":\"BreadcrumbList\",\"@id\":\"https:\\\/\\\/addjc.ro\\\/international-public-forum-nato-si-provocarile-pentru-2023-2024\\\/#breadcrumb\",\"itemListElement\":[{\"@type\":\"ListItem\",\"position\":1,\"name\":\"Prima pagin\u0103\",\"item\":\"https:\\\/\\\/addjc.ro\\\/\"},{\"@type\":\"ListItem\",\"position\":2,\"name\":\"International Public Forum. NATO \u0219i provoc\u01cerile pentru 2023 \u2013 2024\"}]},{\"@type\":\"WebSite\",\"@id\":\"https:\\\/\\\/addjc.ro\\\/#website\",\"url\":\"https:\\\/\\\/addjc.ro\\\/\",\"name\":\"Asociatia de Dezvoltare Durabila a Judetului Constanta\",\"description\":\"Cel mai ambitios plan de dezvoltare\",\"potentialAction\":[{\"@type\":\"SearchAction\",\"target\":{\"@type\":\"EntryPoint\",\"urlTemplate\":\"https:\\\/\\\/addjc.ro\\\/?s={search_term_string}\"},\"query-input\":{\"@type\":\"PropertyValueSpecification\",\"valueRequired\":true,\"valueName\":\"search_term_string\"}}],\"inLanguage\":\"en-US\"},{\"@type\":\"Person\",\"@id\":\"https:\\\/\\\/addjc.ro\\\/#\\\/schema\\\/person\\\/bac0dabcdbb5a7236e2fedb8d6177c8e\",\"name\":\"admin\",\"image\":{\"@type\":\"ImageObject\",\"inLanguage\":\"en-US\",\"@id\":\"https:\\\/\\\/secure.gravatar.com\\\/avatar\\\/1fc2d49dbbacbcde97f15155eb1236d7a65bc3f6dbff5a3f0e66c9829aee9dce?s=96&d=mm&r=g\",\"url\":\"https:\\\/\\\/secure.gravatar.com\\\/avatar\\\/1fc2d49dbbacbcde97f15155eb1236d7a65bc3f6dbff5a3f0e66c9829aee9dce?s=96&d=mm&r=g\",\"contentUrl\":\"https:\\\/\\\/secure.gravatar.com\\\/avatar\\\/1fc2d49dbbacbcde97f15155eb1236d7a65bc3f6dbff5a3f0e66c9829aee9dce?s=96&d=mm&r=g\",\"caption\":\"admin\"},\"sameAs\":[\"https:\\\/\\\/addjc.ro\"],\"url\":\"https:\\\/\\\/addjc.ro\\\/en\\\/author\\\/dennex_admin\\\/\"}]}<\/script>\n<!-- \/ Yoast SEO plugin. -->","yoast_head_json":{"title":"International Public Forum. NATO \u0219i provoc\u01cerile pentru 2023 \u2013 2024 - Asociatia de Dezvoltare Durabila a Judetului Constanta","robots":{"index":"index","follow":"follow","max-snippet":"max-snippet:-1","max-image-preview":"max-image-preview:large","max-video-preview":"max-video-preview:-1"},"canonical":"https:\/\/addjc.ro\/en\/international-public-forum-nato-si-provocarile-pentru-2023-2024\/","og_locale":"en_US","og_type":"article","og_title":"International Public Forum. NATO \u0219i provoc\u01cerile pentru 2023 \u2013 2024 - Asociatia de Dezvoltare Durabila a Judetului Constanta","og_url":"https:\/\/addjc.ro\/en\/international-public-forum-nato-si-provocarile-pentru-2023-2024\/","og_site_name":"Asociatia de Dezvoltare Durabila a Judetului Constanta","article_published_time":"2023-06-19T12:35:58+00:00","author":"admin","twitter_card":"summary_large_image","twitter_misc":{"Written by":"admin","Est. reading time":"13 minutes"},"schema":{"@context":"https:\/\/schema.org","@graph":[{"@type":"Article","@id":"https:\/\/addjc.ro\/international-public-forum-nato-si-provocarile-pentru-2023-2024\/#article","isPartOf":{"@id":"https:\/\/addjc.ro\/international-public-forum-nato-si-provocarile-pentru-2023-2024\/"},"author":{"name":"admin","@id":"https:\/\/addjc.ro\/#\/schema\/person\/bac0dabcdbb5a7236e2fedb8d6177c8e"},"headline":"International Public Forum. NATO \u0219i provoc\u01cerile pentru 2023 \u2013 2024","datePublished":"2023-06-19T12:35:58+00:00","mainEntityOfPage":{"@id":"https:\/\/addjc.ro\/international-public-forum-nato-si-provocarile-pentru-2023-2024\/"},"wordCount":2677,"articleSection":["Comunicate de pres\u0103"],"inLanguage":"en-US"},{"@type":"WebPage","@id":"https:\/\/addjc.ro\/international-public-forum-nato-si-provocarile-pentru-2023-2024\/","url":"https:\/\/addjc.ro\/international-public-forum-nato-si-provocarile-pentru-2023-2024\/","name":"International Public Forum. NATO \u0219i provoc\u01cerile pentru 2023 \u2013 2024 - Asociatia de Dezvoltare Durabila a Judetului Constanta","isPartOf":{"@id":"https:\/\/addjc.ro\/#website"},"datePublished":"2023-06-19T12:35:58+00:00","author":{"@id":"https:\/\/addjc.ro\/#\/schema\/person\/bac0dabcdbb5a7236e2fedb8d6177c8e"},"breadcrumb":{"@id":"https:\/\/addjc.ro\/international-public-forum-nato-si-provocarile-pentru-2023-2024\/#breadcrumb"},"inLanguage":"en-US","potentialAction":[{"@type":"ReadAction","target":["https:\/\/addjc.ro\/international-public-forum-nato-si-provocarile-pentru-2023-2024\/"]}]},{"@type":"BreadcrumbList","@id":"https:\/\/addjc.ro\/international-public-forum-nato-si-provocarile-pentru-2023-2024\/#breadcrumb","itemListElement":[{"@type":"ListItem","position":1,"name":"Prima pagin\u0103","item":"https:\/\/addjc.ro\/"},{"@type":"ListItem","position":2,"name":"International Public Forum. NATO \u0219i provoc\u01cerile pentru 2023 \u2013 2024"}]},{"@type":"WebSite","@id":"https:\/\/addjc.ro\/#website","url":"https:\/\/addjc.ro\/","name":"Constanta County Sustainable Development Association","description":"The most ambitious development plan","potentialAction":[{"@type":"SearchAction","target":{"@type":"EntryPoint","urlTemplate":"https:\/\/addjc.ro\/?s={search_term_string}"},"query-input":{"@type":"PropertyValueSpecification","valueRequired":true,"valueName":"search_term_string"}}],"inLanguage":"en-US"},{"@type":"Person","@id":"https:\/\/addjc.ro\/#\/schema\/person\/bac0dabcdbb5a7236e2fedb8d6177c8e","name":"admin","image":{"@type":"ImageObject","inLanguage":"en-US","@id":"https:\/\/secure.gravatar.com\/avatar\/1fc2d49dbbacbcde97f15155eb1236d7a65bc3f6dbff5a3f0e66c9829aee9dce?s=96&d=mm&r=g","url":"https:\/\/secure.gravatar.com\/avatar\/1fc2d49dbbacbcde97f15155eb1236d7a65bc3f6dbff5a3f0e66c9829aee9dce?s=96&d=mm&r=g","contentUrl":"https:\/\/secure.gravatar.com\/avatar\/1fc2d49dbbacbcde97f15155eb1236d7a65bc3f6dbff5a3f0e66c9829aee9dce?s=96&d=mm&r=g","caption":"admin"},"sameAs":["https:\/\/addjc.ro"],"url":"https:\/\/addjc.ro\/en\/author\/dennex_admin\/"}]}},"_links":{"self":[{"href":"https:\/\/addjc.ro\/en\/wp-json\/wp\/v2\/posts\/1694","targetHints":{"allow":["GET"]}}],"collection":[{"href":"https:\/\/addjc.ro\/en\/wp-json\/wp\/v2\/posts"}],"about":[{"href":"https:\/\/addjc.ro\/en\/wp-json\/wp\/v2\/types\/post"}],"author":[{"embeddable":true,"href":"https:\/\/addjc.ro\/en\/wp-json\/wp\/v2\/users\/1"}],"replies":[{"embeddable":true,"href":"https:\/\/addjc.ro\/en\/wp-json\/wp\/v2\/comments?post=1694"}],"version-history":[{"count":1,"href":"https:\/\/addjc.ro\/en\/wp-json\/wp\/v2\/posts\/1694\/revisions"}],"predecessor-version":[{"id":1704,"href":"https:\/\/addjc.ro\/en\/wp-json\/wp\/v2\/posts\/1694\/revisions\/1704"}],"wp:attachment":[{"href":"https:\/\/addjc.ro\/en\/wp-json\/wp\/v2\/media?parent=1694"}],"wp:term":[{"taxonomy":"category","embeddable":true,"href":"https:\/\/addjc.ro\/en\/wp-json\/wp\/v2\/categories?post=1694"},{"taxonomy":"post_tag","embeddable":true,"href":"https:\/\/addjc.ro\/en\/wp-json\/wp\/v2\/tags?post=1694"}],"curies":[{"name":"wp","href":"https:\/\/api.w.org\/{rel}","templated":true}]}}